{"id":9155,"date":"2025-11-14T17:01:40","date_gmt":"2025-11-14T17:01:40","guid":{"rendered":"https:\/\/www.liceulprometeuprotalent.md\/?p=9155"},"modified":"2025-11-15T11:04:19","modified_gmt":"2025-11-15T11:04:19","slug":"lectie-de-istorie-la-muzeu","status":"publish","type":"post","link":"https:\/\/www.liceulprometeuprotalent.md\/?p=9155","title":{"rendered":"Lec\u021bie de istorie la muzeu"},"content":{"rendered":"<p>De o altfel de lec\u021bie de istorie au avut parte elevii clasei a XII-a \u201eA\u201d a Liceului de Creativitate \u0219i Inventic\u0103 \u201ePrometeu-Protalent\u201d pe data de 11 noiembrie 2025. \u00censo\u021bi\u021bi de doamna Eugenia Negru, profesoar\u0103 de istorie, grad didactic superior, elevii au mers la Muzeul Na\u021bional al Literaturii Rom\u00e2ne din Chi\u0219in\u0103u, ca s\u0103 cunoasc\u0103, pe baz\u0103 de documente, via\u021ba \u0219i opera scriitorului desident Paul Goma, n\u0103scut \u00een anul 1935, \u00een satul Mana, jude\u021bul Orhei, Rom\u00e2nia.<br \/>\nCu aceast\u0103 ocazie, ei au vizionat expozi\u021bia comemorativ\u0103 cu genericul \u201eEu am crezut totdeauna c\u0103 a spune adev\u0103rul este bine\u201d, dedicat\u0103 \u00eemplinirii a 90 de ani de la na\u0219tere. Pe parcursul vizitei, elevii au beneficiat de expertiza doamnei Rodica Solovei, cercet\u0103tor \u0219tiin\u021bific superior la MNLR, care le-a vorbit despre curajul, demnitatea \u0219i lupta pentru adev\u0103r a scriitorului \u00een perioada regimului comunist.<br \/>\nLec\u021bia de istorie a fost completat\u0103 cu un fragment din filmul documentar \u201eOrologiu sentimental\u201d, realizat de jurnalistul Mircea Surdu \u00een anii 1994-1995, cu prilejul jubileului de 60 de ani ai scriitorului Paul Goma, derulat \u00een mod special pentru elevi.<br \/>\nAceast\u0103 altfel de lec\u021bie de istorie este parte a unui curs op\u021bional dedicat rezisten\u021bei anticomuniste, \u00een cadrul c\u0103ruia elevii, \u00eendruma\u021bi de distinsa profesoar\u0103 Eugenia Negru, cerceteaz\u0103 cazurile scriitorilor care s-au opus regimurilor totalitare comuniste \u0219i realizeaz\u0103 dosare documentare despre aceste personalit\u0103\u021bi, printre ele fiind \u0219i scriitorul Paul Goma.<br \/>\nBravo, dragi elevi! Explorarea diverselor surse, \u00een acest caz expozi\u021bia de la Muzeul Na\u021bional al Literaturii Rom\u00e2ne, inclusiv filmul documentar, v\u0103 vor ajuta s\u0103 cunoa\u0219te\u021bi \u0219i s\u0103 percepe\u021bi c\u00e2t mai corect pagini din istoria poporului nostru, \u00een care s\u0103 g\u0103si\u021bi, precum spunea marele om de cultur\u0103 Ion Luca Caragiale \u201eun izvor nesecat de poezie s\u0103n\u0103toas\u0103, un \u0219ir de icoane sfinte de unde s\u0103 c\u0103p\u0103t\u0103m mereu \u00eenv\u0103\u021b\u0103tur\u0103 de adev\u0103r \u0219i insuflare de virtute\u201d.<br \/>\nExprim\u0103m calde mul\u021bumiri \u0219i deosebite aprecieri doamnei profesoare Eugenia Negru, care-\u0219i ghideaz\u0103, ca \u00eentotdeauna \u00een mod original, discipolii spre \u00eensu\u0219irea celei mai fascinante discipline umanitare \u2013 istoria na\u021bional\u0103 \u0219i universal\u0103.<\/p>\n<p><img decoding=\"async\" class=\"alignnone size-full wp-image-9156\" src=\"https:\/\/www.liceulprometeuprotalent.md\/wp-content\/uploads\/2025\/11\/581292670_1751912002416884_139025805212545268_n-1.jpg\" alt=\"\" width=\"2048\" height=\"1536\" srcset=\"https:\/\/www.liceulprometeuprotalent.md\/wp-content\/uploads\/2025\/11\/581292670_1751912002416884_139025805212545268_n-1-200x150.jpg 200w, https:\/\/www.liceulprometeuprotalent.md\/wp-content\/uploads\/2025\/11\/581292670_1751912002416884_139025805212545268_n-1-300x225.jpg 300w, https:\/\/www.liceulprometeuprotalent.md\/wp-content\/uploads\/2025\/11\/581292670_1751912002416884_139025805212545268_n-1-400x300.jpg 400w, https:\/\/www.liceulprometeuprotalent.md\/wp-content\/uploads\/2025\/11\/581292670_1751912002416884_139025805212545268_n-1-600x450.jpg 600w, https:\/\/www.liceulprometeuprotalent.md\/wp-content\/uploads\/2025\/11\/581292670_1751912002416884_139025805212545268_n-1-768x576.jpg 768w, https:\/\/www.liceulprometeuprotalent.md\/wp-content\/uploads\/2025\/11\/581292670_1751912002416884_139025805212545268_n-1-800x600.jpg 800w, https:\/\/www.liceulprometeuprotalent.md\/wp-content\/uploads\/2025\/11\/581292670_1751912002416884_139025805212545268_n-1-1024x768.jpg 1024w, https:\/\/www.liceulprometeuprotalent.md\/wp-content\/uploads\/2025\/11\/581292670_1751912002416884_139025805212545268_n-1-1200x900.jpg 1200w, https:\/\/www.liceulprometeuprotalent.md\/wp-content\/uploads\/2025\/11\/581292670_1751912002416884_139025805212545268_n-1-1536x1152.jpg 1536w, https:\/\/www.liceulprometeuprotalent.md\/wp-content\/uploads\/2025\/11\/581292670_1751912002416884_139025805212545268_n-1.jpg 2048w\" sizes=\"(max-width: 2048px) 100vw, 2048px\" \/> <img decoding=\"async\" class=\"alignnone size-full wp-image-9157\" src=\"https:\/\/www.liceulprometeuprotalent.md\/wp-content\/uploads\/2025\/11\/581196661_1751912152416869_3433889987210936180_n.jpg\" alt=\"\" width=\"2048\" height=\"1536\" srcset=\"https:\/\/www.liceulprometeuprotalent.md\/wp-content\/uploads\/2025\/11\/581196661_1751912152416869_3433889987210936180_n-200x150.jpg 200w, https:\/\/www.liceulprometeuprotalent.md\/wp-content\/uploads\/2025\/11\/581196661_1751912152416869_3433889987210936180_n-300x225.jpg 300w, https:\/\/www.liceulprometeuprotalent.md\/wp-content\/uploads\/2025\/11\/581196661_1751912152416869_3433889987210936180_n-400x300.jpg 400w, https:\/\/www.liceulprometeuprotalent.md\/wp-content\/uploads\/2025\/11\/581196661_1751912152416869_3433889987210936180_n-600x450.jpg 600w, https:\/\/www.liceulprometeuprotalent.md\/wp-content\/uploads\/2025\/11\/581196661_1751912152416869_3433889987210936180_n-768x576.jpg 768w, https:\/\/www.liceulprometeuprotalent.md\/wp-content\/uploads\/2025\/11\/581196661_1751912152416869_3433889987210936180_n-800x600.jpg 800w, https:\/\/www.liceulprometeuprotalent.md\/wp-content\/uploads\/2025\/11\/581196661_1751912152416869_3433889987210936180_n-1024x768.jpg 1024w, https:\/\/www.liceulprometeuprotalent.md\/wp-content\/uploads\/2025\/11\/581196661_1751912152416869_3433889987210936180_n-1200x900.jpg 1200w, https:\/\/www.liceulprometeuprotalent.md\/wp-content\/uploads\/2025\/11\/581196661_1751912152416869_3433889987210936180_n-1536x1152.jpg 1536w, https:\/\/www.liceulprometeuprotalent.md\/wp-content\/uploads\/2025\/11\/581196661_1751912152416869_3433889987210936180_n.jpg 2048w\" sizes=\"(max-width: 2048px) 100vw, 2048px\" \/> <img decoding=\"async\" class=\"alignnone size-full wp-image-9158\" src=\"https:\/\/www.liceulprometeuprotalent.md\/wp-content\/uploads\/2025\/11\/581335865_1751912262416858_4160976954511250535_n.jpg\" alt=\"\" width=\"2048\" height=\"1536\" srcset=\"https:\/\/www.liceulprometeuprotalent.md\/wp-content\/uploads\/2025\/11\/581335865_1751912262416858_4160976954511250535_n-200x150.jpg 200w, https:\/\/www.liceulprometeuprotalent.md\/wp-content\/uploads\/2025\/11\/581335865_1751912262416858_4160976954511250535_n-300x225.jpg 300w, https:\/\/www.liceulprometeuprotalent.md\/wp-content\/uploads\/2025\/11\/581335865_1751912262416858_4160976954511250535_n-400x300.jpg 400w, https:\/\/www.liceulprometeuprotalent.md\/wp-content\/uploads\/2025\/11\/581335865_1751912262416858_4160976954511250535_n-600x450.jpg 600w, https:\/\/www.liceulprometeuprotalent.md\/wp-content\/uploads\/2025\/11\/581335865_1751912262416858_4160976954511250535_n-768x576.jpg 768w, https:\/\/www.liceulprometeuprotalent.md\/wp-content\/uploads\/2025\/11\/581335865_1751912262416858_4160976954511250535_n-800x600.jpg 800w, https:\/\/www.liceulprometeuprotalent.md\/wp-content\/uploads\/2025\/11\/581335865_1751912262416858_4160976954511250535_n-1024x768.jpg 1024w, https:\/\/www.liceulprometeuprotalent.md\/wp-content\/uploads\/2025\/11\/581335865_1751912262416858_4160976954511250535_n-1200x900.jpg 1200w, https:\/\/www.liceulprometeuprotalent.md\/wp-content\/uploads\/2025\/11\/581335865_1751912262416858_4160976954511250535_n-1536x1152.jpg 1536w, https:\/\/www.liceulprometeuprotalent.md\/wp-content\/uploads\/2025\/11\/581335865_1751912262416858_4160976954511250535_n.jpg 2048w\" sizes=\"(max-width: 2048px) 100vw, 2048px\" \/> <img decoding=\"async\" class=\"alignnone size-full wp-image-9159\" src=\"https:\/\/www.liceulprometeuprotalent.md\/wp-content\/uploads\/2025\/11\/580729173_1751912135750204_3469808183185113051_n.jpg\" alt=\"\" width=\"2048\" height=\"1536\" srcset=\"https:\/\/www.liceulprometeuprotalent.md\/wp-content\/uploads\/2025\/11\/580729173_1751912135750204_3469808183185113051_n-200x150.jpg 200w, https:\/\/www.liceulprometeuprotalent.md\/wp-content\/uploads\/2025\/11\/580729173_1751912135750204_3469808183185113051_n-300x225.jpg 300w, https:\/\/www.liceulprometeuprotalent.md\/wp-content\/uploads\/2025\/11\/580729173_1751912135750204_3469808183185113051_n-400x300.jpg 400w, https:\/\/www.liceulprometeuprotalent.md\/wp-content\/uploads\/2025\/11\/580729173_1751912135750204_3469808183185113051_n-600x450.jpg 600w, https:\/\/www.liceulprometeuprotalent.md\/wp-content\/uploads\/2025\/11\/580729173_1751912135750204_3469808183185113051_n-768x576.jpg 768w, https:\/\/www.liceulprometeuprotalent.md\/wp-content\/uploads\/2025\/11\/580729173_1751912135750204_3469808183185113051_n-800x600.jpg 800w, https:\/\/www.liceulprometeuprotalent.md\/wp-content\/uploads\/2025\/11\/580729173_1751912135750204_3469808183185113051_n-1024x768.jpg 1024w, https:\/\/www.liceulprometeuprotalent.md\/wp-content\/uploads\/2025\/11\/580729173_1751912135750204_3469808183185113051_n-1200x900.jpg 1200w, https:\/\/www.liceulprometeuprotalent.md\/wp-content\/uploads\/2025\/11\/580729173_1751912135750204_3469808183185113051_n-1536x1152.jpg 1536w, https:\/\/www.liceulprometeuprotalent.md\/wp-content\/uploads\/2025\/11\/580729173_1751912135750204_3469808183185113051_n.jpg 2048w\" sizes=\"(max-width: 2048px) 100vw, 2048px\" \/><\/p>\n","protected":false},"excerpt":{"rendered":"<p>De o altfel de lec\u021bie de istorie au avut parte elevii clasei a XII-a \u201eA\u201d a Liceului de Creativitate \u0219i Inventic\u0103 \u201ePrometeu-Protalent\u201d pe data de 11 noiembrie 2025. \u00censo\u021bi\u021bi de doamna Eugenia Negru, profesoar\u0103 de istorie, grad didactic superior, elevii au mers la Muzeul Na\u021bional al Literaturii Rom\u00e2ne din Chi\u0219in\u0103u, ca s\u0103 cunoasc\u0103, pe baz\u0103 [&hellip;]<\/p>\n","protected":false},"author":1,"featured_media":9159,"comment_status":"open","ping_status":"open","sticky":false,"template":"","format":"standard","meta":{"_price":"","_stock":"","_tribe_ticket_header":"","_tribe_default_ticket_provider":"","_tribe_ticket_capacity":"0","_ticket_start_date":"","_ticket_end_date":"","_tribe_ticket_show_description":"","_tribe_ticket_show_not_going":false,"_tribe_ticket_use_global_stock":"","_tribe_ticket_global_stock_level":"","_global_stock_mode":"","_global_stock_cap":"","_tribe_rsvp_for_event":"","_tribe_ticket_going_count":"","_tribe_ticket_not_going_count":"","_tribe_tickets_list":"[]","_tribe_ticket_has_attendee_info_fields":false,"footnotes":""},"categories":[89,80,1],"tags":[],"class_list":["post-9155","post","type-post","status-publish","format-standard","has-post-thumbnail","hentry","category-blog","category-toate-categoriile","category-uncategorized"],"_links":{"self":[{"href":"https:\/\/www.liceulprometeuprotalent.md\/index.php?rest_route=\/wp\/v2\/posts\/9155","targetHints":{"allow":["GET"]}}],"collection":[{"href":"https:\/\/www.liceulprometeuprotalent.md\/index.php?rest_route=\/wp\/v2\/posts"}],"about":[{"href":"https:\/\/www.liceulprometeuprotalent.md\/index.php?rest_route=\/wp\/v2\/types\/post"}],"author":[{"embeddable":true,"href":"https:\/\/www.liceulprometeuprotalent.md\/index.php?rest_route=\/wp\/v2\/users\/1"}],"replies":[{"embeddable":true,"href":"https:\/\/www.liceulprometeuprotalent.md\/index.php?rest_route=%2Fwp%2Fv2%2Fcomments&post=9155"}],"version-history":[{"count":1,"href":"https:\/\/www.liceulprometeuprotalent.md\/index.php?rest_route=\/wp\/v2\/posts\/9155\/revisions"}],"predecessor-version":[{"id":9160,"href":"https:\/\/www.liceulprometeuprotalent.md\/index.php?rest_route=\/wp\/v2\/posts\/9155\/revisions\/9160"}],"wp:featuredmedia":[{"embeddable":true,"href":"https:\/\/www.liceulprometeuprotalent.md\/index.php?rest_route=\/wp\/v2\/media\/9159"}],"wp:attachment":[{"href":"https:\/\/www.liceulprometeuprotalent.md\/index.php?rest_route=%2Fwp%2Fv2%2Fmedia&parent=9155"}],"wp:term":[{"taxonomy":"category","embeddable":true,"href":"https:\/\/www.liceulprometeuprotalent.md\/index.php?rest_route=%2Fwp%2Fv2%2Fcategories&post=9155"},{"taxonomy":"post_tag","embeddable":true,"href":"https:\/\/www.liceulprometeuprotalent.md\/index.php?rest_route=%2Fwp%2Fv2%2Ftags&post=9155"}],"curies":[{"name":"wp","href":"https:\/\/api.w.org\/{rel}","templated":true}]}}