{"id":9161,"date":"2025-11-18T12:55:34","date_gmt":"2025-11-18T12:55:34","guid":{"rendered":"https:\/\/www.liceulprometeuprotalent.md\/?p=9161"},"modified":"2025-11-18T12:55:34","modified_gmt":"2025-11-18T12:55:34","slug":"puterea-cinematografiei-in-educatia-tinerei-generatii","status":"publish","type":"post","link":"https:\/\/www.liceulprometeuprotalent.md\/?p=9161","title":{"rendered":"Puterea cinematografiei \u00een educa\u021bia tinerei genera\u021bii"},"content":{"rendered":"<p>Al doilea an consecutiv, Consiliul elevilor de la Liceul de Creativitate \u0219i Inventic\u0103 \u201ePrometeu-Protalent\u201d (pre\u0219edint\u0103 Raluca-Cristiana Cazacu, eleva clasei a X-a \u201eB\u201d) particip\u0103 \u00een calitate de voluntari la Astra Film Festival. \u00cen cele trei zile de activitate intens\u0103 (13-15 noiembrie 2025), ei au organizat participarea la festival a multor copii din \u00eentreaga republic\u0103, ghid\u00e2ndu-i pe \u00eentreg parcursul vizion\u0103rii filmelor \u00een cadrul Astra Film Festival Junior, compartiment special dedicat dezvolt\u0103rii educa\u021bionale a tinerei genera\u021bii.<\/p>\n<p>Filmele documentare, destinate copiilor cu v\u00e2rste \u00eentre 7 \u0219i 15 ani, au fost atent selectate de speciali\u0219tii Astra Film \u0219i de exper\u021bi \u00een educa\u021bie, av\u00e2nd menirea s\u0103-i provoace la discu\u021bii, s\u0103 pun\u0103 \u00eentreb\u0103ri, s\u0103-i fac\u0103 s\u0103 \u00een\u021beleag\u0103 c\u00e2t mai bine provoc\u0103rile timpului \u00een care tr\u0103im, inclusiv s\u0103 g\u0103seasc\u0103 solu\u021bii adecvate la problemele cu care ne confrunt\u0103m.<\/p>\n<p>Spre exemplu, filmele \u201eArhitec\u021bii naturii\u201d, \u201eHochei pe ghea\u021ba din Himalaya \u2013 Juc\u0103tor \u00een criza climatic\u0103\u201d, \u201eBriza dinspre ocean\u201d, \u201eMidii delicioase \u0219i fluturi colora\u021bi\u201d, \u201eYangka pe t\u0103r\u00e2mul fericirii\u201d, \u201eGrace: cu recuno\u0219tin\u021b\u0103\u201d, \u201eTamica, eroina cibernetic\u0103\u201d \u201eS\u0103rituri cu schiurile: Emma cucere\u0219te trambulina\u201d, \u201eAdolescen\u021b\u0103 sub asediu\u201d, \u201eGa\u0219ca fetelor\u201d etc., \u00eei \u00eenva\u021b\u0103 pe copii ce \u00eenseamn\u0103 rena\u0219terea naturii, adaptarea la schimb\u0103rile climatice, cum tr\u0103iesc copiii \u00een locuri \u00eendep\u0103rtate, curajul cu care r\u0103spund provoc\u0103rilor genera\u021biei din care fac parte, inclusiv despre \u00eencerc\u0103rile \u0219i pericolele la care sunt expu\u0219i uneori adolescen\u021bii.<\/p>\n<p>Demersul educa\u021bional al organizatorilor Astra Film Festival Junior a mizat pe puterea cinematografiei de a conecta oameni \u0219i idei, de a valorifica perspective \u0219i de ai face pe copii s\u0103 viseze la un viitor armonios, plin de pace \u0219i bun\u0103 \u00een\u021belegere \u00eentre oameni.<\/p>\n<p>Un moment aparte a fost proiec\u021bia filmului \u201eGrigore Vieru. Poetul neamului\u201d (produc\u0103tor Adrian Otovescu, R. Moldova, 2025), care readuce \u00een aten\u021bie via\u021ba \u0219i mo\u0219tenirea poetului, prin m\u0103rturiile familiei \u0219i prietenilor, dar \u0219i prin descoperiri noi f\u0103cute \u00een procesul realiz\u0103rii. Dup\u0103 proiec\u021bie, a avut loc o discu\u021bie deosebit de interesant\u0103 \u0219i palpitant\u0103 cu domnul C\u0103lin Vieru, fiul marelui poet.<\/p>\n<p>Elevii interesa\u021bi de domeniul cinematografiei au beneficiat pe data de 13 noiembrie 2025 de un masterclass \u00een dou\u0103 p\u0103r\u021bi, sus\u021binut de profesori \u0219i studen\u021bi ai UNATEC Bucure\u0219ti: \u201eStudiu de caz pe film documentar de lung metraj, parcurs de la scenariu la forma final\u0103\u201d, prezentat de drd. Alexandru Borundel \u0219i, respectiv \u201eG\u0103se\u0219te-\u021bi vocea \u2013 filmul studen\u021besc \u00eentre creativitate \u0219i raportare la clasic\u201d, prezentat de drd. Alexandru Borundel \u0219i Voicu Mure\u0219an. La aceast\u0103 captivant\u0103 \u00eent\u00e2lnire, elevii no\u0219tri au fost \u00eenso\u021bi\u021bi de dna Natalia Ada\u0219an, profesoar\u0103 de limba \u0219i literatura rom\u00e2n\u0103, grad didactic I.<\/p>\n<p>Numele voluntarilor de la Liceul \u201ePrometeu-Protalent\u201d implica\u021bi \u00een desf\u0103\u0219urarea cu succes a Festivalului sunt: Alexandra Mereacre, clasa a XI-a \u201eB\u201d, Daria Gon\u021ba, clasa a XI-a \u201eB\u201d, Constantin Suruceanu, clasa a XI-a \u201eB\u201d, Laura Boclinc\u0103, clasa a IX-a \u201eC\u201d, Vitalia Butucel, clasa a IX-a \u201eC\u201d, Nicolae Chi\u0219c\u0103, clasa a XI-a \u201eB\u201d, Maxim Garaba, clasa a XI-a \u201eB\u201d, Domnica Chi\u0219c\u0103, clasa a X-a \u201eB\u201d, Diana \u021aanga, clasa a X-a \u201eB\u201d, Raluca-Cristiana Cazacu, clasa a X-a \u201eB\u201d, Melissa Iacub, clasa a X-a \u201eB\u201d, Silviu Colesnic, clasa a X-a \u201eB\u201d, C\u0103t\u0103lina Rotari, clasa a X-a \u201eB\u201d.<\/p>\n<p>Proiectul privind participarea \u00een calitate de voluntari ai elevilor de la Liceul \u201ePrometeu-Protalent\u201d, care se transform\u0103 \u00eentr-o frumoas\u0103 tradi\u021bie, a fost ini\u021biat \u0219i coordonat de doamna \u00a0Angela Lungu, director adjunct instruire, iar activitatea Consiliului elevilor a fost coordonat\u0103 de doamna Angela Miron, director adjunct educa\u021bie. Efortul \u0219i excelenta presta\u021bie a elevilor-voluntari a fost \u00eenalt apreciat de organizatorii Astra Film Festival.<\/p>\n<p>Mul\u021bumim, dragi elevi! Mul\u021bumiri cordiale adres\u0103m doamnelor profesoare de limba \u0219i literatura rom\u00e2n\u0103, Angela Lungu, Angela Miron \u0219i Natalia Ada\u0219an.<\/p>\n<p><strong>Nota bene:<\/strong> Astra Film Chi\u0219in\u0103u este un eveniment organizat de Astra Film\/CNM Astra \u0219i finan\u021bat de Departamentul pentru Rela\u021bia cu Republica Moldova (DRRM) din cadrul Guvernului Rom\u00e2niei. Proiec\u021biile din cadrul AF Chi\u0219in\u0103u au avut loc la Cineplex Loteanu.<\/p>\n<p><img decoding=\"async\" class=\"alignnone size-full wp-image-9162\" src=\"https:\/\/www.liceulprometeuprotalent.md\/wp-content\/uploads\/2025\/11\/viber_image_2025-11-17_08-35-39-933.jpg\" alt=\"\" width=\"1200\" height=\"1600\" srcset=\"https:\/\/www.liceulprometeuprotalent.md\/wp-content\/uploads\/2025\/11\/viber_image_2025-11-17_08-35-39-933-200x267.jpg 200w, https:\/\/www.liceulprometeuprotalent.md\/wp-content\/uploads\/2025\/11\/viber_image_2025-11-17_08-35-39-933-225x300.jpg 225w, https:\/\/www.liceulprometeuprotalent.md\/wp-content\/uploads\/2025\/11\/viber_image_2025-11-17_08-35-39-933-400x533.jpg 400w, https:\/\/www.liceulprometeuprotalent.md\/wp-content\/uploads\/2025\/11\/viber_image_2025-11-17_08-35-39-933-600x800.jpg 600w, https:\/\/www.liceulprometeuprotalent.md\/wp-content\/uploads\/2025\/11\/viber_image_2025-11-17_08-35-39-933-768x1024.jpg 768w, https:\/\/www.liceulprometeuprotalent.md\/wp-content\/uploads\/2025\/11\/viber_image_2025-11-17_08-35-39-933-800x1067.jpg 800w, https:\/\/www.liceulprometeuprotalent.md\/wp-content\/uploads\/2025\/11\/viber_image_2025-11-17_08-35-39-933-1152x1536.jpg 1152w, https:\/\/www.liceulprometeuprotalent.md\/wp-content\/uploads\/2025\/11\/viber_image_2025-11-17_08-35-39-933.jpg 1200w\" sizes=\"(max-width: 1200px) 100vw, 1200px\" \/> <img decoding=\"async\" class=\"alignnone size-full wp-image-9163\" src=\"https:\/\/www.liceulprometeuprotalent.md\/wp-content\/uploads\/2025\/11\/viber_image_2025-11-17_08-35-44-469.jpg\" alt=\"\" width=\"1600\" height=\"1200\" srcset=\"https:\/\/www.liceulprometeuprotalent.md\/wp-content\/uploads\/2025\/11\/viber_image_2025-11-17_08-35-44-469-200x150.jpg 200w, https:\/\/www.liceulprometeuprotalent.md\/wp-content\/uploads\/2025\/11\/viber_image_2025-11-17_08-35-44-469-300x225.jpg 300w, https:\/\/www.liceulprometeuprotalent.md\/wp-content\/uploads\/2025\/11\/viber_image_2025-11-17_08-35-44-469-400x300.jpg 400w, https:\/\/www.liceulprometeuprotalent.md\/wp-content\/uploads\/2025\/11\/viber_image_2025-11-17_08-35-44-469-600x450.jpg 600w, https:\/\/www.liceulprometeuprotalent.md\/wp-content\/uploads\/2025\/11\/viber_image_2025-11-17_08-35-44-469-768x576.jpg 768w, https:\/\/www.liceulprometeuprotalent.md\/wp-content\/uploads\/2025\/11\/viber_image_2025-11-17_08-35-44-469-800x600.jpg 800w, https:\/\/www.liceulprometeuprotalent.md\/wp-content\/uploads\/2025\/11\/viber_image_2025-11-17_08-35-44-469-1024x768.jpg 1024w, https:\/\/www.liceulprometeuprotalent.md\/wp-content\/uploads\/2025\/11\/viber_image_2025-11-17_08-35-44-469-1200x900.jpg 1200w, https:\/\/www.liceulprometeuprotalent.md\/wp-content\/uploads\/2025\/11\/viber_image_2025-11-17_08-35-44-469-1536x1152.jpg 1536w, https:\/\/www.liceulprometeuprotalent.md\/wp-content\/uploads\/2025\/11\/viber_image_2025-11-17_08-35-44-469.jpg 1600w\" sizes=\"(max-width: 1600px) 100vw, 1600px\" \/><\/p>\n","protected":false},"excerpt":{"rendered":"<p>Al doilea an consecutiv, Consiliul elevilor de la Liceul de Creativitate \u0219i Inventic\u0103 \u201ePrometeu-Protalent\u201d (pre\u0219edint\u0103 Raluca-Cristiana Cazacu, eleva clasei a X-a \u201eB\u201d) particip\u0103 \u00een calitate de voluntari la Astra Film Festival. \u00cen cele trei zile de activitate intens\u0103 (13-15 noiembrie 2025), ei au organizat participarea la festival a multor copii din \u00eentreaga republic\u0103, ghid\u00e2ndu-i pe [&hellip;]<\/p>\n","protected":false},"author":1,"featured_media":9162,"comment_status":"open","ping_status":"open","sticky":false,"template":"","format":"standard","meta":{"_price":"","_stock":"","_tribe_ticket_header":"","_tribe_default_ticket_provider":"","_tribe_ticket_capacity":"0","_ticket_start_date":"","_ticket_end_date":"","_tribe_ticket_show_description":"","_tribe_ticket_show_not_going":false,"_tribe_ticket_use_global_stock":"","_tribe_ticket_global_stock_level":"","_global_stock_mode":"","_global_stock_cap":"","_tribe_rsvp_for_event":"","_tribe_ticket_going_count":"","_tribe_ticket_not_going_count":"","_tribe_tickets_list":"[]","_tribe_ticket_has_attendee_info_fields":false,"footnotes":""},"categories":[89,80,1],"tags":[],"class_list":["post-9161","post","type-post","status-publish","format-standard","has-post-thumbnail","hentry","category-blog","category-toate-categoriile","category-uncategorized"],"_links":{"self":[{"href":"https:\/\/www.liceulprometeuprotalent.md\/index.php?rest_route=\/wp\/v2\/posts\/9161","targetHints":{"allow":["GET"]}}],"collection":[{"href":"https:\/\/www.liceulprometeuprotalent.md\/index.php?rest_route=\/wp\/v2\/posts"}],"about":[{"href":"https:\/\/www.liceulprometeuprotalent.md\/index.php?rest_route=\/wp\/v2\/types\/post"}],"author":[{"embeddable":true,"href":"https:\/\/www.liceulprometeuprotalent.md\/index.php?rest_route=\/wp\/v2\/users\/1"}],"replies":[{"embeddable":true,"href":"https:\/\/www.liceulprometeuprotalent.md\/index.php?rest_route=%2Fwp%2Fv2%2Fcomments&post=9161"}],"version-history":[{"count":1,"href":"https:\/\/www.liceulprometeuprotalent.md\/index.php?rest_route=\/wp\/v2\/posts\/9161\/revisions"}],"predecessor-version":[{"id":9164,"href":"https:\/\/www.liceulprometeuprotalent.md\/index.php?rest_route=\/wp\/v2\/posts\/9161\/revisions\/9164"}],"wp:featuredmedia":[{"embeddable":true,"href":"https:\/\/www.liceulprometeuprotalent.md\/index.php?rest_route=\/wp\/v2\/media\/9162"}],"wp:attachment":[{"href":"https:\/\/www.liceulprometeuprotalent.md\/index.php?rest_route=%2Fwp%2Fv2%2Fmedia&parent=9161"}],"wp:term":[{"taxonomy":"category","embeddable":true,"href":"https:\/\/www.liceulprometeuprotalent.md\/index.php?rest_route=%2Fwp%2Fv2%2Fcategories&post=9161"},{"taxonomy":"post_tag","embeddable":true,"href":"https:\/\/www.liceulprometeuprotalent.md\/index.php?rest_route=%2Fwp%2Fv2%2Ftags&post=9161"}],"curies":[{"name":"wp","href":"https:\/\/api.w.org\/{rel}","templated":true}]}}