{"id":9166,"date":"2025-11-27T09:10:06","date_gmt":"2025-11-27T09:10:06","guid":{"rendered":"https:\/\/www.liceulprometeuprotalent.md\/?p=9166"},"modified":"2025-11-27T09:10:06","modified_gmt":"2025-11-27T09:10:06","slug":"beatrice-fetita-care-danseaza-cu-inima","status":"publish","type":"post","link":"https:\/\/www.liceulprometeuprotalent.md\/?p=9166","title":{"rendered":"Beatrice, feti\u021ba care danseaz\u0103 cu inima"},"content":{"rendered":"<p>De\u0219i e mica, are o inim\u0103 uria\u0219\u0103, plin\u0103 de pasiune pentru dansul modern. Fiecare mi\u0219care pe care o face nu e doar expresia corpului ei, agil \u0219i gra\u021bios, ci vine, profund \u0219i sincer, din inim\u0103.<\/p>\n<p>A \u00eenceput s\u0103 danseze de la o v\u00e2rst\u0103 fraged\u0103. Cu fiecare repeti\u021bie, dansul ei se transform\u0103 \u00eentr-o poveste, o poveste spus\u0103 prin intermediul corpului, o emo\u021bie transpus\u0103 \u00een aer \u0219i lumin\u0103. Profesorii o admir\u0103, colegii o privesc cu uimire, iar Beatrice simte c\u0103 \u00een timp ce danseaz\u0103, devine mai mult dec\u00e2t ea \u00eens\u0103\u0219i.<\/p>\n<p>La doar 7 ani, Beatrice a participat la Campionatul Mondial de dans modern. Sala era imens\u0103, luminile orbitoare, iar muzica pulsa \u00een inimile tuturor. Emo\u021biile o f\u0103ceau s\u0103 vibreze la bucuria de a dansa, transmi\u021b\u00e2nd prin fiecare gest sinceritate \u0219i pasiune. C\u00e2nd ultimele acorduri ale muzicii au t\u0103cut, sala a izbucnit \u00een aplauze. Beatrice devenise campioan\u0103 mondial\u0103 nu doar prin tehnica dansului, ci \u0219i prin elegan\u021b\u0103, fine\u021be \u0219i m\u0103iestrie.<\/p>\n<p>Beatrice ne \u00eenva\u021b\u0103 c\u0103 talentul este important, iar curajul de a-\u021bi pune sufletul \u00een ceea ce faci transform\u0103 dansul \u00eentr-o adev\u0103rat\u0103 art\u0103. Ea danseaz\u0103 cu inima, de aceea \u00eei face pe to\u021bi s\u0103 viseze, s\u0103 cread\u0103 \u0219i s\u0103 simt\u0103 arta adev\u0103rat\u0103. Entuziasmul cu care particip\u0103 la concursurile na\u021bionale \u0219i interna\u021bionale, \u00eei asigur\u0103 mereu piedestalul de \u00eenving\u0103toare. C\u00e2nd p\u0103\u0219e\u0219te pe scena de dans, muzica o inspir\u0103, iar pa\u0219ii ei se transforma \u00een fluturi care zboar\u0103 printre luminile colorate. Fiecare mi\u0219care, fiecare gest \u00eemp\u0103rt\u0103\u0219it lumii devine magie.<\/p>\n<p>\u00cen felul acesta, Beatrice a c\u00e2\u0219tigat nu doar medalii \u0219i trofee, a c\u00e2\u0219tigat inimile tuturor.<\/p>\n<p>La competi\u021bii tr\u0103ie\u0219te neasemuit\u0103 bucurie, \u00eemplinire \u0219i m\u00e2ndrie, c\u00e2nd, gra\u021bie evolu\u0103rilor ei excelente, r\u0103sun\u0103 Imnul Republicii Moldova \u0219i tricolorul se ridic\u0103 cel mai sus.<\/p>\n<p>Felicit\u0103ri Beatrice! Continu\u0103 s\u0103 dansezi cu pasiune \u0219i succesele vor veni neap\u0103rat. Suntem m\u00e2ndri de tine!<\/p>\n<p>Felicit\u0103ri p\u0103rin\u021bilor, care \u0219tiu s\u0103-\u0219i educe copilul \u00een spiritul patriotismului \u0219i \u00een setea de frumos!<\/p>\n","protected":false},"excerpt":{"rendered":"<p>De\u0219i e mica, are o inim\u0103 uria\u0219\u0103, plin\u0103 de pasiune pentru dansul modern. Fiecare mi\u0219care pe care o face nu e doar expresia corpului ei, agil \u0219i gra\u021bios, ci vine, profund \u0219i sincer, din inim\u0103. A \u00eenceput s\u0103 danseze de la o v\u00e2rst\u0103 fraged\u0103. Cu fiecare repeti\u021bie, dansul ei se transform\u0103 \u00eentr-o poveste, o poveste [&hellip;]<\/p>\n","protected":false},"author":1,"featured_media":9167,"comment_status":"open","ping_status":"open","sticky":false,"template":"","format":"standard","meta":{"_price":"","_stock":"","_tribe_ticket_header":"","_tribe_default_ticket_provider":"","_tribe_ticket_capacity":"0","_ticket_start_date":"","_ticket_end_date":"","_tribe_ticket_show_description":"","_tribe_ticket_show_not_going":false,"_tribe_ticket_use_global_stock":"","_tribe_ticket_global_stock_level":"","_global_stock_mode":"","_global_stock_cap":"","_tribe_rsvp_for_event":"","_tribe_ticket_going_count":"","_tribe_ticket_not_going_count":"","_tribe_tickets_list":"[]","_tribe_ticket_has_attendee_info_fields":false,"footnotes":""},"categories":[89,80,1],"tags":[],"class_list":["post-9166","post","type-post","status-publish","format-standard","has-post-thumbnail","hentry","category-blog","category-toate-categoriile","category-uncategorized"],"_links":{"self":[{"href":"https:\/\/www.liceulprometeuprotalent.md\/index.php?rest_route=\/wp\/v2\/posts\/9166","targetHints":{"allow":["GET"]}}],"collection":[{"href":"https:\/\/www.liceulprometeuprotalent.md\/index.php?rest_route=\/wp\/v2\/posts"}],"about":[{"href":"https:\/\/www.liceulprometeuprotalent.md\/index.php?rest_route=\/wp\/v2\/types\/post"}],"author":[{"embeddable":true,"href":"https:\/\/www.liceulprometeuprotalent.md\/index.php?rest_route=\/wp\/v2\/users\/1"}],"replies":[{"embeddable":true,"href":"https:\/\/www.liceulprometeuprotalent.md\/index.php?rest_route=%2Fwp%2Fv2%2Fcomments&post=9166"}],"version-history":[{"count":1,"href":"https:\/\/www.liceulprometeuprotalent.md\/index.php?rest_route=\/wp\/v2\/posts\/9166\/revisions"}],"predecessor-version":[{"id":9168,"href":"https:\/\/www.liceulprometeuprotalent.md\/index.php?rest_route=\/wp\/v2\/posts\/9166\/revisions\/9168"}],"wp:featuredmedia":[{"embeddable":true,"href":"https:\/\/www.liceulprometeuprotalent.md\/index.php?rest_route=\/wp\/v2\/media\/9167"}],"wp:attachment":[{"href":"https:\/\/www.liceulprometeuprotalent.md\/index.php?rest_route=%2Fwp%2Fv2%2Fmedia&parent=9166"}],"wp:term":[{"taxonomy":"category","embeddable":true,"href":"https:\/\/www.liceulprometeuprotalent.md\/index.php?rest_route=%2Fwp%2Fv2%2Fcategories&post=9166"},{"taxonomy":"post_tag","embeddable":true,"href":"https:\/\/www.liceulprometeuprotalent.md\/index.php?rest_route=%2Fwp%2Fv2%2Ftags&post=9166"}],"curies":[{"name":"wp","href":"https:\/\/api.w.org\/{rel}","templated":true}]}}