{"id":9171,"date":"2025-11-27T09:15:11","date_gmt":"2025-11-27T09:15:11","guid":{"rendered":"https:\/\/www.liceulprometeuprotalent.md\/?p=9171"},"modified":"2025-11-27T09:15:11","modified_gmt":"2025-11-27T09:15:11","slug":"premii-pentru-poezie-in-limba-franceza","status":"publish","type":"post","link":"https:\/\/www.liceulprometeuprotalent.md\/?p=9171","title":{"rendered":"Premii pentru poezie \u00een limba francez\u0103"},"content":{"rendered":"<p>Elevele Liceului de Creativitate \u0219i Inventic\u0103 \u201ePrometeu-Protalent\u201d \u2013 Gloria Iurco din clasa a VIII-a \u201eC\u201d, Sofia Nagacevschi din clasa a VI-a \u201eD\u201d au ob\u021binut <strong>Premiul Mare<\/strong>, iar elevele Andreea Carla\u0219uc \u0219i Nicoleta Ghedrovici din clasa a VIII-a \u201eC\u201d au fost apreciate cu <strong>Premiul\u00a0 \u00cent\u00e2i <\/strong>la Concursul Interna\u021bional de poezie francez\u0103 \u2013 \u201ePO\u00c9SIE &#8211; PERLES DE PENS\u00c9E\u201d, edi\u021bia a XXVI-a. Mentorul elevelor noastre \u00een aceast\u0103 competi\u021bie prestigioas\u0103 a fost distinsa doamn\u0103 Silvia Voroniuc, profesoar\u0103 de limba francez\u0103, gr. didactic superior.<\/p>\n<p>La Concurs au participat peste 400 de elevi \u0219i studen\u021bi din Republica Moldova, Rom\u00e2nia,\u00a0 Macedonia \u0219i altele \u021b\u0103ri.<\/p>\n<p>Felicit\u0103ri, dragele \u0219i talentatele noastre poete! V\u0103 dorim inspira\u021bie \u0219i succese pe viitor!<\/p>\n<p>Felicit\u0103ri \u0219i mul\u021bumiri cordiale, stimat\u0103 doamn\u0103 Silvia Voroniuc! Apreciem efortul \u0219i devotamentul Dvs. pentru promovarea irepro\u0219abil\u0103 a limbii \u0219i a culturii franceze!<\/p>\n<p style=\"text-align: center;\"><img decoding=\"async\" class=\"alignnone wp-image-9172 size-fusion-400\" src=\"https:\/\/www.liceulprometeuprotalent.md\/wp-content\/uploads\/2025\/11\/viber_image_2025-11-24_14-03-34-144-400x286.jpg\" alt=\"\" width=\"400\" height=\"286\" srcset=\"https:\/\/www.liceulprometeuprotalent.md\/wp-content\/uploads\/2025\/11\/viber_image_2025-11-24_14-03-34-144-200x143.jpg 200w, https:\/\/www.liceulprometeuprotalent.md\/wp-content\/uploads\/2025\/11\/viber_image_2025-11-24_14-03-34-144-300x214.jpg 300w, https:\/\/www.liceulprometeuprotalent.md\/wp-content\/uploads\/2025\/11\/viber_image_2025-11-24_14-03-34-144-400x286.jpg 400w, https:\/\/www.liceulprometeuprotalent.md\/wp-content\/uploads\/2025\/11\/viber_image_2025-11-24_14-03-34-144-600x429.jpg 600w, https:\/\/www.liceulprometeuprotalent.md\/wp-content\/uploads\/2025\/11\/viber_image_2025-11-24_14-03-34-144-768x550.jpg 768w, https:\/\/www.liceulprometeuprotalent.md\/wp-content\/uploads\/2025\/11\/viber_image_2025-11-24_14-03-34-144-800x573.jpg 800w, https:\/\/www.liceulprometeuprotalent.md\/wp-content\/uploads\/2025\/11\/viber_image_2025-11-24_14-03-34-144-1024x733.jpg 1024w, https:\/\/www.liceulprometeuprotalent.md\/wp-content\/uploads\/2025\/11\/viber_image_2025-11-24_14-03-34-144-1200x859.jpg 1200w, https:\/\/www.liceulprometeuprotalent.md\/wp-content\/uploads\/2025\/11\/viber_image_2025-11-24_14-03-34-144-1536x1099.jpg 1536w, https:\/\/www.liceulprometeuprotalent.md\/wp-content\/uploads\/2025\/11\/viber_image_2025-11-24_14-03-34-144.jpg 1600w\" sizes=\"(max-width: 400px) 100vw, 400px\" \/> <img decoding=\"async\" class=\"alignnone wp-image-9173 size-fusion-400\" src=\"https:\/\/www.liceulprometeuprotalent.md\/wp-content\/uploads\/2025\/11\/viber_image_2025-11-24_14-03-34-525-400x286.jpg\" alt=\"\" width=\"400\" height=\"286\" srcset=\"https:\/\/www.liceulprometeuprotalent.md\/wp-content\/uploads\/2025\/11\/viber_image_2025-11-24_14-03-34-525-200x143.jpg 200w, https:\/\/www.liceulprometeuprotalent.md\/wp-content\/uploads\/2025\/11\/viber_image_2025-11-24_14-03-34-525-300x214.jpg 300w, https:\/\/www.liceulprometeuprotalent.md\/wp-content\/uploads\/2025\/11\/viber_image_2025-11-24_14-03-34-525-400x286.jpg 400w, https:\/\/www.liceulprometeuprotalent.md\/wp-content\/uploads\/2025\/11\/viber_image_2025-11-24_14-03-34-525-600x429.jpg 600w, https:\/\/www.liceulprometeuprotalent.md\/wp-content\/uploads\/2025\/11\/viber_image_2025-11-24_14-03-34-525-768x550.jpg 768w, https:\/\/www.liceulprometeuprotalent.md\/wp-content\/uploads\/2025\/11\/viber_image_2025-11-24_14-03-34-525-800x573.jpg 800w, https:\/\/www.liceulprometeuprotalent.md\/wp-content\/uploads\/2025\/11\/viber_image_2025-11-24_14-03-34-525-1024x733.jpg 1024w, https:\/\/www.liceulprometeuprotalent.md\/wp-content\/uploads\/2025\/11\/viber_image_2025-11-24_14-03-34-525-1200x859.jpg 1200w, https:\/\/www.liceulprometeuprotalent.md\/wp-content\/uploads\/2025\/11\/viber_image_2025-11-24_14-03-34-525-1536x1099.jpg 1536w, https:\/\/www.liceulprometeuprotalent.md\/wp-content\/uploads\/2025\/11\/viber_image_2025-11-24_14-03-34-525.jpg 1600w\" sizes=\"(max-width: 400px) 100vw, 400px\" \/><\/p>\n<p style=\"text-align: center;\"><img decoding=\"async\" class=\"alignnone wp-image-9174 size-fusion-400\" src=\"https:\/\/www.liceulprometeuprotalent.md\/wp-content\/uploads\/2025\/11\/viber_image_2025-11-24_14-03-34-607-400x286.jpg\" alt=\"\" width=\"400\" height=\"286\" srcset=\"https:\/\/www.liceulprometeuprotalent.md\/wp-content\/uploads\/2025\/11\/viber_image_2025-11-24_14-03-34-607-200x143.jpg 200w, https:\/\/www.liceulprometeuprotalent.md\/wp-content\/uploads\/2025\/11\/viber_image_2025-11-24_14-03-34-607-300x214.jpg 300w, https:\/\/www.liceulprometeuprotalent.md\/wp-content\/uploads\/2025\/11\/viber_image_2025-11-24_14-03-34-607-400x286.jpg 400w, https:\/\/www.liceulprometeuprotalent.md\/wp-content\/uploads\/2025\/11\/viber_image_2025-11-24_14-03-34-607-600x429.jpg 600w, https:\/\/www.liceulprometeuprotalent.md\/wp-content\/uploads\/2025\/11\/viber_image_2025-11-24_14-03-34-607-768x550.jpg 768w, https:\/\/www.liceulprometeuprotalent.md\/wp-content\/uploads\/2025\/11\/viber_image_2025-11-24_14-03-34-607-800x573.jpg 800w, https:\/\/www.liceulprometeuprotalent.md\/wp-content\/uploads\/2025\/11\/viber_image_2025-11-24_14-03-34-607-1024x733.jpg 1024w, https:\/\/www.liceulprometeuprotalent.md\/wp-content\/uploads\/2025\/11\/viber_image_2025-11-24_14-03-34-607-1200x859.jpg 1200w, https:\/\/www.liceulprometeuprotalent.md\/wp-content\/uploads\/2025\/11\/viber_image_2025-11-24_14-03-34-607-1536x1099.jpg 1536w, https:\/\/www.liceulprometeuprotalent.md\/wp-content\/uploads\/2025\/11\/viber_image_2025-11-24_14-03-34-607.jpg 1600w\" sizes=\"(max-width: 400px) 100vw, 400px\" \/> <img decoding=\"async\" class=\"alignnone wp-image-9175 size-fusion-400\" src=\"https:\/\/www.liceulprometeuprotalent.md\/wp-content\/uploads\/2025\/11\/viber_image_2025-11-24_14-03-34-769-400x286.jpg\" alt=\"\" width=\"400\" height=\"286\" srcset=\"https:\/\/www.liceulprometeuprotalent.md\/wp-content\/uploads\/2025\/11\/viber_image_2025-11-24_14-03-34-769-200x143.jpg 200w, https:\/\/www.liceulprometeuprotalent.md\/wp-content\/uploads\/2025\/11\/viber_image_2025-11-24_14-03-34-769-300x214.jpg 300w, https:\/\/www.liceulprometeuprotalent.md\/wp-content\/uploads\/2025\/11\/viber_image_2025-11-24_14-03-34-769-400x286.jpg 400w, https:\/\/www.liceulprometeuprotalent.md\/wp-content\/uploads\/2025\/11\/viber_image_2025-11-24_14-03-34-769-600x429.jpg 600w, https:\/\/www.liceulprometeuprotalent.md\/wp-content\/uploads\/2025\/11\/viber_image_2025-11-24_14-03-34-769-768x550.jpg 768w, https:\/\/www.liceulprometeuprotalent.md\/wp-content\/uploads\/2025\/11\/viber_image_2025-11-24_14-03-34-769-800x573.jpg 800w, https:\/\/www.liceulprometeuprotalent.md\/wp-content\/uploads\/2025\/11\/viber_image_2025-11-24_14-03-34-769-1024x733.jpg 1024w, https:\/\/www.liceulprometeuprotalent.md\/wp-content\/uploads\/2025\/11\/viber_image_2025-11-24_14-03-34-769-1200x859.jpg 1200w, https:\/\/www.liceulprometeuprotalent.md\/wp-content\/uploads\/2025\/11\/viber_image_2025-11-24_14-03-34-769-1536x1099.jpg 1536w, https:\/\/www.liceulprometeuprotalent.md\/wp-content\/uploads\/2025\/11\/viber_image_2025-11-24_14-03-34-769.jpg 1600w\" sizes=\"(max-width: 400px) 100vw, 400px\" \/><\/p>\n","protected":false},"excerpt":{"rendered":"<p>Elevele Liceului de Creativitate \u0219i Inventic\u0103 \u201ePrometeu-Protalent\u201d \u2013 Gloria Iurco din clasa a VIII-a \u201eC\u201d, Sofia Nagacevschi din clasa a VI-a \u201eD\u201d au ob\u021binut Premiul Mare, iar elevele Andreea Carla\u0219uc \u0219i Nicoleta Ghedrovici din clasa a VIII-a \u201eC\u201d au fost apreciate cu Premiul\u00a0 \u00cent\u00e2i la Concursul Interna\u021bional de poezie francez\u0103 \u2013 \u201ePO\u00c9SIE &#8211; PERLES DE [&hellip;]<\/p>\n","protected":false},"author":1,"featured_media":9175,"comment_status":"open","ping_status":"open","sticky":false,"template":"","format":"standard","meta":{"_price":"","_stock":"","_tribe_ticket_header":"","_tribe_default_ticket_provider":"","_tribe_ticket_capacity":"0","_ticket_start_date":"","_ticket_end_date":"","_tribe_ticket_show_description":"","_tribe_ticket_show_not_going":false,"_tribe_ticket_use_global_stock":"","_tribe_ticket_global_stock_level":"","_global_stock_mode":"","_global_stock_cap":"","_tribe_rsvp_for_event":"","_tribe_ticket_going_count":"","_tribe_ticket_not_going_count":"","_tribe_tickets_list":"[]","_tribe_ticket_has_attendee_info_fields":false,"footnotes":""},"categories":[89,80,1],"tags":[],"class_list":["post-9171","post","type-post","status-publish","format-standard","has-post-thumbnail","hentry","category-blog","category-toate-categoriile","category-uncategorized"],"_links":{"self":[{"href":"https:\/\/www.liceulprometeuprotalent.md\/index.php?rest_route=\/wp\/v2\/posts\/9171","targetHints":{"allow":["GET"]}}],"collection":[{"href":"https:\/\/www.liceulprometeuprotalent.md\/index.php?rest_route=\/wp\/v2\/posts"}],"about":[{"href":"https:\/\/www.liceulprometeuprotalent.md\/index.php?rest_route=\/wp\/v2\/types\/post"}],"author":[{"embeddable":true,"href":"https:\/\/www.liceulprometeuprotalent.md\/index.php?rest_route=\/wp\/v2\/users\/1"}],"replies":[{"embeddable":true,"href":"https:\/\/www.liceulprometeuprotalent.md\/index.php?rest_route=%2Fwp%2Fv2%2Fcomments&post=9171"}],"version-history":[{"count":1,"href":"https:\/\/www.liceulprometeuprotalent.md\/index.php?rest_route=\/wp\/v2\/posts\/9171\/revisions"}],"predecessor-version":[{"id":9176,"href":"https:\/\/www.liceulprometeuprotalent.md\/index.php?rest_route=\/wp\/v2\/posts\/9171\/revisions\/9176"}],"wp:featuredmedia":[{"embeddable":true,"href":"https:\/\/www.liceulprometeuprotalent.md\/index.php?rest_route=\/wp\/v2\/media\/9175"}],"wp:attachment":[{"href":"https:\/\/www.liceulprometeuprotalent.md\/index.php?rest_route=%2Fwp%2Fv2%2Fmedia&parent=9171"}],"wp:term":[{"taxonomy":"category","embeddable":true,"href":"https:\/\/www.liceulprometeuprotalent.md\/index.php?rest_route=%2Fwp%2Fv2%2Fcategories&post=9171"},{"taxonomy":"post_tag","embeddable":true,"href":"https:\/\/www.liceulprometeuprotalent.md\/index.php?rest_route=%2Fwp%2Fv2%2Ftags&post=9171"}],"curies":[{"name":"wp","href":"https:\/\/api.w.org\/{rel}","templated":true}]}}