{"id":9177,"date":"2025-11-27T12:09:34","date_gmt":"2025-11-27T12:09:34","guid":{"rendered":"https:\/\/www.liceulprometeuprotalent.md\/?p=9177"},"modified":"2025-11-27T12:09:34","modified_gmt":"2025-11-27T12:09:34","slug":"succesele-minunate-ale-lui-rares-miron","status":"publish","type":"post","link":"https:\/\/www.liceulprometeuprotalent.md\/?p=9177","title":{"rendered":"Succesele minunate ale lui Rare\u0219 Miron"},"content":{"rendered":"<p>Rare\u0219 Miron din clasa a IX-a \u201eC\u201d a Liceului de Creativitate \u0219i Inventic\u0103 \u201ePrometeu-Protalent\u201d a fost apreciat cu <strong>Diplom\u0103 de gradul III<\/strong> la Concursul municipal iChemist, edi\u021bia a XII-a, care a avut loc pe data de 22 noiembrie 2025.<\/p>\n<p>Rare\u0219 a ob\u021binut acest premiu \u00een competi\u021bie cu 380 de elevi din municipiul Chi\u0219in\u0103u, participan\u021bi la concurs.<\/p>\n<p>Concursul \u00ee\u0219i propune s\u0103 descopere pentru iubitorii de chimie farmecul ascuns al acestei minunate \u0219tiin\u021be.<\/p>\n<p>Bravo, Rare\u0219! Ne bucur\u0103m pentru succesele tale multiple! Ne faci mereu s\u0103 fim m\u00e2ndri de capacit\u0103\u021bile \u0219i calit\u0103\u021bile tale pentru studii!<\/p>\n<p>Mul\u021bumim distinsei doamnei Victoria Heghea, mentorul lui Rare\u0219 \u00een aceast\u0103 important\u0103 competi\u021bie!<\/p>\n<p>Mul\u021bumim p\u0103rin\u021bilor lui Rare\u0219, care \u00eel sprijin\u0103 \u0219i \u00eel ghideaz\u0103 \u00een lumea cuno\u0219tin\u021belor \u0219i a victoriilor, ob\u021binute prin munc\u0103, perseveren\u021b\u0103 \u0219i talent.<\/p>\n<p><img decoding=\"async\" class=\"alignnone size-full wp-image-9178\" src=\"https:\/\/www.liceulprometeuprotalent.md\/wp-content\/uploads\/2025\/11\/viber_image_2025-11-24_10-18-01-840.jpg\" alt=\"\" width=\"1200\" height=\"1600\" srcset=\"https:\/\/www.liceulprometeuprotalent.md\/wp-content\/uploads\/2025\/11\/viber_image_2025-11-24_10-18-01-840-200x267.jpg 200w, https:\/\/www.liceulprometeuprotalent.md\/wp-content\/uploads\/2025\/11\/viber_image_2025-11-24_10-18-01-840-225x300.jpg 225w, https:\/\/www.liceulprometeuprotalent.md\/wp-content\/uploads\/2025\/11\/viber_image_2025-11-24_10-18-01-840-400x533.jpg 400w, https:\/\/www.liceulprometeuprotalent.md\/wp-content\/uploads\/2025\/11\/viber_image_2025-11-24_10-18-01-840-600x800.jpg 600w, https:\/\/www.liceulprometeuprotalent.md\/wp-content\/uploads\/2025\/11\/viber_image_2025-11-24_10-18-01-840-768x1024.jpg 768w, https:\/\/www.liceulprometeuprotalent.md\/wp-content\/uploads\/2025\/11\/viber_image_2025-11-24_10-18-01-840-800x1067.jpg 800w, https:\/\/www.liceulprometeuprotalent.md\/wp-content\/uploads\/2025\/11\/viber_image_2025-11-24_10-18-01-840-1152x1536.jpg 1152w, https:\/\/www.liceulprometeuprotalent.md\/wp-content\/uploads\/2025\/11\/viber_image_2025-11-24_10-18-01-840.jpg 1200w\" sizes=\"(max-width: 1200px) 100vw, 1200px\" \/> <img decoding=\"async\" class=\"alignnone size-full wp-image-9179\" src=\"https:\/\/www.liceulprometeuprotalent.md\/wp-content\/uploads\/2025\/11\/viber_image_2025-11-24_10-18-38-008.jpg\" alt=\"\" width=\"1600\" height=\"1200\" srcset=\"https:\/\/www.liceulprometeuprotalent.md\/wp-content\/uploads\/2025\/11\/viber_image_2025-11-24_10-18-38-008-200x150.jpg 200w, https:\/\/www.liceulprometeuprotalent.md\/wp-content\/uploads\/2025\/11\/viber_image_2025-11-24_10-18-38-008-300x225.jpg 300w, https:\/\/www.liceulprometeuprotalent.md\/wp-content\/uploads\/2025\/11\/viber_image_2025-11-24_10-18-38-008-400x300.jpg 400w, https:\/\/www.liceulprometeuprotalent.md\/wp-content\/uploads\/2025\/11\/viber_image_2025-11-24_10-18-38-008-600x450.jpg 600w, https:\/\/www.liceulprometeuprotalent.md\/wp-content\/uploads\/2025\/11\/viber_image_2025-11-24_10-18-38-008-768x576.jpg 768w, https:\/\/www.liceulprometeuprotalent.md\/wp-content\/uploads\/2025\/11\/viber_image_2025-11-24_10-18-38-008-800x600.jpg 800w, https:\/\/www.liceulprometeuprotalent.md\/wp-content\/uploads\/2025\/11\/viber_image_2025-11-24_10-18-38-008-1024x768.jpg 1024w, https:\/\/www.liceulprometeuprotalent.md\/wp-content\/uploads\/2025\/11\/viber_image_2025-11-24_10-18-38-008-1200x900.jpg 1200w, https:\/\/www.liceulprometeuprotalent.md\/wp-content\/uploads\/2025\/11\/viber_image_2025-11-24_10-18-38-008-1536x1152.jpg 1536w, https:\/\/www.liceulprometeuprotalent.md\/wp-content\/uploads\/2025\/11\/viber_image_2025-11-24_10-18-38-008.jpg 1600w\" sizes=\"(max-width: 1600px) 100vw, 1600px\" \/><\/p>\n","protected":false},"excerpt":{"rendered":"<p>Rare\u0219 Miron din clasa a IX-a \u201eC\u201d a Liceului de Creativitate \u0219i Inventic\u0103 \u201ePrometeu-Protalent\u201d a fost apreciat cu Diplom\u0103 de gradul III la Concursul municipal iChemist, edi\u021bia a XII-a, care a avut loc pe data de 22 noiembrie 2025. Rare\u0219 a ob\u021binut acest premiu \u00een competi\u021bie cu 380 de elevi din municipiul Chi\u0219in\u0103u, participan\u021bi la [&hellip;]<\/p>\n","protected":false},"author":1,"featured_media":9179,"comment_status":"open","ping_status":"open","sticky":false,"template":"","format":"standard","meta":{"_price":"","_stock":"","_tribe_ticket_header":"","_tribe_default_ticket_provider":"","_tribe_ticket_capacity":"0","_ticket_start_date":"","_ticket_end_date":"","_tribe_ticket_show_description":"","_tribe_ticket_show_not_going":false,"_tribe_ticket_use_global_stock":"","_tribe_ticket_global_stock_level":"","_global_stock_mode":"","_global_stock_cap":"","_tribe_rsvp_for_event":"","_tribe_ticket_going_count":"","_tribe_ticket_not_going_count":"","_tribe_tickets_list":"[]","_tribe_ticket_has_attendee_info_fields":false,"footnotes":""},"categories":[89,80,1],"tags":[],"class_list":["post-9177","post","type-post","status-publish","format-standard","has-post-thumbnail","hentry","category-blog","category-toate-categoriile","category-uncategorized"],"_links":{"self":[{"href":"https:\/\/www.liceulprometeuprotalent.md\/index.php?rest_route=\/wp\/v2\/posts\/9177","targetHints":{"allow":["GET"]}}],"collection":[{"href":"https:\/\/www.liceulprometeuprotalent.md\/index.php?rest_route=\/wp\/v2\/posts"}],"about":[{"href":"https:\/\/www.liceulprometeuprotalent.md\/index.php?rest_route=\/wp\/v2\/types\/post"}],"author":[{"embeddable":true,"href":"https:\/\/www.liceulprometeuprotalent.md\/index.php?rest_route=\/wp\/v2\/users\/1"}],"replies":[{"embeddable":true,"href":"https:\/\/www.liceulprometeuprotalent.md\/index.php?rest_route=%2Fwp%2Fv2%2Fcomments&post=9177"}],"version-history":[{"count":1,"href":"https:\/\/www.liceulprometeuprotalent.md\/index.php?rest_route=\/wp\/v2\/posts\/9177\/revisions"}],"predecessor-version":[{"id":9180,"href":"https:\/\/www.liceulprometeuprotalent.md\/index.php?rest_route=\/wp\/v2\/posts\/9177\/revisions\/9180"}],"wp:featuredmedia":[{"embeddable":true,"href":"https:\/\/www.liceulprometeuprotalent.md\/index.php?rest_route=\/wp\/v2\/media\/9179"}],"wp:attachment":[{"href":"https:\/\/www.liceulprometeuprotalent.md\/index.php?rest_route=%2Fwp%2Fv2%2Fmedia&parent=9177"}],"wp:term":[{"taxonomy":"category","embeddable":true,"href":"https:\/\/www.liceulprometeuprotalent.md\/index.php?rest_route=%2Fwp%2Fv2%2Fcategories&post=9177"},{"taxonomy":"post_tag","embeddable":true,"href":"https:\/\/www.liceulprometeuprotalent.md\/index.php?rest_route=%2Fwp%2Fv2%2Ftags&post=9177"}],"curies":[{"name":"wp","href":"https:\/\/api.w.org\/{rel}","templated":true}]}}