{"id":9182,"date":"2025-12-05T10:56:51","date_gmt":"2025-12-05T10:56:51","guid":{"rendered":"https:\/\/www.liceulprometeuprotalent.md\/?p=9182"},"modified":"2025-12-05T10:57:32","modified_gmt":"2025-12-05T10:57:32","slug":"doua-inimi-gemene-si-un-frumos-gest-de-omagiere","status":"publish","type":"post","link":"https:\/\/www.liceulprometeuprotalent.md\/?p=9182","title":{"rendered":"\u201eDou\u0103 inimi gemene\u201d \u0219i un frumos gest de omagiere"},"content":{"rendered":"<p>\u201eUn eveniment de suflet \u0219i pentru suflet\u201d, a\u0219a titreaz\u0103 scenariul Festivalului \u201eDou\u0103 inimi gemene\u201d, care s-a desf\u0103\u0219urat pe data de 28 noiembrie 2025, \u00een sala de festivit\u0103\u021bi a Liceului de Creativitate \u0219i Inventic\u0103 \u201ePrometeu-Protalent\u201d.<\/p>\n<p>Festivalul devenit tradi\u021bie la Liceul nostru este dedicat memoriei Doinei \u0219i lui Ion Aldea-Teodorovici \u2013 \u201edou\u0103 inimi, precum se notific\u0103 \u00een acela\u0219i scenariu, care au b\u0103tut la unison \u00een vremuri \u00een care cuv\u00e2ntul era vegheat, iar libertatea \u2013 un vis spus \u00een \u0219oapt\u0103, dou\u0103 inimi care au avut curajul s\u0103 c\u00e2nte pentru un popor ce-\u0219i c\u0103uta identitatea\u201d.<\/p>\n<p>Prezentatorii Vitalia Butucel din clasa a IX-a \u201eC\u201d \u0219i Nicolae Chi\u0219c\u0103 din clasa a XI-a \u201eB\u201d, iscusi\u021bi \u0219i agreabili vorbitori, au dat un farmec aparte spectacolului prin interven\u021biile lor inspirate despre crea\u021bia \u0219i muzica \u201ecelor dou\u0103 inimi gemene\u201d, sensibiliz\u00e2nd p\u00e2n\u0103 la lacrimi pe cei prezen\u021bi la Festival.<\/p>\n<p>Astfel, r\u00e2nd pe r\u00e2nd, pe scen\u0103 au urcat \u0219i au evoluat, dezv\u0103luindu-\u0219i talentele veritabile \u00een arta interpret\u0103rii, elevii:<\/p>\n<p>Daniela Bl\u0103ni\u021b\u0103 din clasa a V-a \u201eB\u201d cu piesa \u201eTrei pitici\u201d, versuri Grigore Vieru;<\/p>\n<p>Sofia Arapu \u0219i Andra Ghecav\u00eei din clasa a VI-a \u201eD\u201d cu piesa \u201eDe-a ascunselea\u201d, versuri Gheorghe Urschi;<\/p>\n<p>Delia Ciobanu din clasa a VII-a \u201eA\u201d cu piesa \u201ePentru ea\u201d, versuri Grigore Vieru;<\/p>\n<p>Francesca Bocancea din clasa a VII-a \u201eB\u201d cu piesele \u201eR\u0103sai\u201d, versuri Grigore Vieru \u0219i \u201eIndiferen\u021b\u0103\u201d, versuri Ion \u0219i Doina Aldea-Teodorovici;<\/p>\n<p>Laura Pahomea din clasa a VIII-a \u201eC\u201d \u0219i Adelina R\u0103cil\u0103 din clasa a VII-a \u201eA\u201d cu piesa \u201eGraiul neamului\u201d, versuri Grigore Vieru;<\/p>\n<p>Ilinca Pulbere din clasa a VI-a \u201eA\u201d cu piesa \u201eTrei culori\u201d, versuri Grigore Vieru;<\/p>\n<p>Eva B\u00e2rc\u0103 din clasa IX-a \u201eB\u201d \u0219i Miron Rare\u0219 din clasa a IX-a \u201eC\u201d cu piesa \u201eCe noroc s\u0103 fii rom\u00e2n\u201d, versuri Grigore Vieru;<\/p>\n<p>Bianca Onic\u0103 \u0219i Nicolae Chi\u0219c\u0103 din clasa a XI-a \u201eB\u201d cu piesa \u201eSerenad\u0103\u201d, versuri Grigore Vieru;<\/p>\n<p>Gabriel Li\u021bcan din clasa a VIII-a \u201eC\u201d cu piesa \u201eCrede-m\u0103\u201d, versuri Aurel Ciocanu;<\/p>\n<p>Jasmin Ve\u0219ca din clasa a X-a \u201eA\u201d cu piesa \u201eUn nume pe z\u0103pad\u0103\u201d, versuri Ion \u0219i Doina Alfdea-Teodorovici;<\/p>\n<p>Elmira C\u00e2rciumaru din clasa a VI-a \u201eD\u201d cu piesa \u201eHaide vioar\u0103\u201d, versuri Grigore Vieru;<\/p>\n<p>Ilinca Suruceanu din clasa a VII-a \u201eA\u201d cu piesa \u201eIubi\u021bi \u00eenv\u0103\u021b\u0103tori\u201d, versuri Simion Ghimpu;<\/p>\n<p>Bianca Onic\u0103 din clasa a XI-a \u201eB\u201d cu piesa \u201eCasa p\u0103rinteasc\u0103\u201d, versuri Grigore Vieru;<\/p>\n<p>Gabriel Rodideal din clasa a X-a \u201eB\u201d cu piesa \u201eFocul din vatr\u0103\u201d, versuri Dumitru Matcovschi;<\/p>\n<p>Eva B\u00e2rc\u0103 din clasa a IX-a \u201eB\u201d cu piesa \u201eAmurg de toamn\u0103\u201d, versuri Dumitru Matcovschi.<\/p>\n<p>Spectacolul a fost \u00eencheiat cu memorabila pies\u0103 \u201eBucura\u021bi-v\u0103\u201d, versuri Dumitru Matcovschi, interpretat\u0103 de Ilinca Suruceanu \u0219i Delia Ciobanu, fiind sus\u021binute de minunatul nostru ansamblu vocal \u201ePrometeu\u201d.<\/p>\n<p>Festivalul \u201eDou\u0103 inimi gemene\u201d din acest an a impresionat publicul nu doar prin cinstirea destoinic\u0103 a memoriei stegarilor Doina \u0219i Ion Aldea-Teodorovici, dar a dezv\u0103luit \u0219i talentele elevilor no\u0219tri, care treptat-treptat se ridic\u0103 la \u00een\u0103l\u021bimea interpre\u021bilor profesioni\u0219ti.<\/p>\n<p>Aceste evenimente frumoase \u0219i nobile se \u00eent\u00e2mpl\u0103, \u00een primul r\u00e2nd, gra\u021bie domnului Veaceslav Adam, profesor de educa\u021bie muzical\u0103 \u2013 \u201esufletul \u0219i inima acestui spectacol\u201d, precum l-au apreciat prezentatorii, doamnei Angela Miron, director adjunct educa\u021bie \u2013 mobilizatoarea \u0219i \u00eensufle\u021bitoarea neobosit\u0103 la realizarea unor spectacole memorabile, inclusiv dirigin\u021bilor care sus\u021bin acest suflu al creativit\u0103\u021bii elevilor interpre\u021bi \u0219i, neap\u0103rat p\u0103rin\u021bilor acestor elevi, care \u00eei sprijin\u0103 pe acest drum al afirm\u0103rii artistice.<\/p>\n<p>Felicit\u0103ri \u0219i mul\u021bumiri tuturor participan\u021bilor la s\u0103rb\u0103toarea omagial\u0103 a celor care au fost Doina \u0219i Ion Aldea-Teodorovici, militan\u021bi de frunte pentru reunirea rom\u00e2nilor din st\u00e2nga Prutului cu Patria-Mam\u0103 \u2013 Rom\u00e2nia!<\/p>\n<p><img decoding=\"async\" class=\"alignnone wp-image-9183 size-fusion-400\" src=\"https:\/\/www.liceulprometeuprotalent.md\/wp-content\/uploads\/2025\/12\/viber_image_2025-12-01_10-20-18-284-400x709.jpg\" alt=\"\" width=\"400\" height=\"709\" srcset=\"https:\/\/www.liceulprometeuprotalent.md\/wp-content\/uploads\/2025\/12\/viber_image_2025-12-01_10-20-18-284-169x300.jpg 169w, https:\/\/www.liceulprometeuprotalent.md\/wp-content\/uploads\/2025\/12\/viber_image_2025-12-01_10-20-18-284-200x355.jpg 200w, https:\/\/www.liceulprometeuprotalent.md\/wp-content\/uploads\/2025\/12\/viber_image_2025-12-01_10-20-18-284-400x709.jpg 400w, https:\/\/www.liceulprometeuprotalent.md\/wp-content\/uploads\/2025\/12\/viber_image_2025-12-01_10-20-18-284-578x1024.jpg 578w, https:\/\/www.liceulprometeuprotalent.md\/wp-content\/uploads\/2025\/12\/viber_image_2025-12-01_10-20-18-284-600x1064.jpg 600w, https:\/\/www.liceulprometeuprotalent.md\/wp-content\/uploads\/2025\/12\/viber_image_2025-12-01_10-20-18-284-768x1361.jpg 768w, https:\/\/www.liceulprometeuprotalent.md\/wp-content\/uploads\/2025\/12\/viber_image_2025-12-01_10-20-18-284-800x1418.jpg 800w, https:\/\/www.liceulprometeuprotalent.md\/wp-content\/uploads\/2025\/12\/viber_image_2025-12-01_10-20-18-284-866x1536.jpg 866w, https:\/\/www.liceulprometeuprotalent.md\/wp-content\/uploads\/2025\/12\/viber_image_2025-12-01_10-20-18-284.jpg 902w\" sizes=\"(max-width: 400px) 100vw, 400px\" \/> <img decoding=\"async\" class=\"alignnone wp-image-9184 size-fusion-400\" src=\"https:\/\/www.liceulprometeuprotalent.md\/wp-content\/uploads\/2025\/12\/viber_image_2025-12-01_10-20-36-237-400x300.jpg\" alt=\"\" width=\"400\" height=\"300\" srcset=\"https:\/\/www.liceulprometeuprotalent.md\/wp-content\/uploads\/2025\/12\/viber_image_2025-12-01_10-20-36-237-200x150.jpg 200w, https:\/\/www.liceulprometeuprotalent.md\/wp-content\/uploads\/2025\/12\/viber_image_2025-12-01_10-20-36-237-300x225.jpg 300w, https:\/\/www.liceulprometeuprotalent.md\/wp-content\/uploads\/2025\/12\/viber_image_2025-12-01_10-20-36-237-400x300.jpg 400w, https:\/\/www.liceulprometeuprotalent.md\/wp-content\/uploads\/2025\/12\/viber_image_2025-12-01_10-20-36-237-600x450.jpg 600w, https:\/\/www.liceulprometeuprotalent.md\/wp-content\/uploads\/2025\/12\/viber_image_2025-12-01_10-20-36-237-768x576.jpg 768w, https:\/\/www.liceulprometeuprotalent.md\/wp-content\/uploads\/2025\/12\/viber_image_2025-12-01_10-20-36-237-800x600.jpg 800w, https:\/\/www.liceulprometeuprotalent.md\/wp-content\/uploads\/2025\/12\/viber_image_2025-12-01_10-20-36-237-1024x768.jpg 1024w, https:\/\/www.liceulprometeuprotalent.md\/wp-content\/uploads\/2025\/12\/viber_image_2025-12-01_10-20-36-237-1200x900.jpg 1200w, https:\/\/www.liceulprometeuprotalent.md\/wp-content\/uploads\/2025\/12\/viber_image_2025-12-01_10-20-36-237-1536x1152.jpg 1536w, https:\/\/www.liceulprometeuprotalent.md\/wp-content\/uploads\/2025\/12\/viber_image_2025-12-01_10-20-36-237.jpg 1600w\" sizes=\"(max-width: 400px) 100vw, 400px\" \/><\/p>\n","protected":false},"excerpt":{"rendered":"<p>\u201eUn eveniment de suflet \u0219i pentru suflet\u201d, a\u0219a titreaz\u0103 scenariul Festivalului \u201eDou\u0103 inimi gemene\u201d, care s-a desf\u0103\u0219urat pe data de 28 noiembrie 2025, \u00een sala de festivit\u0103\u021bi a Liceului de Creativitate \u0219i Inventic\u0103 \u201ePrometeu-Protalent\u201d. Festivalul devenit tradi\u021bie la Liceul nostru este dedicat memoriei Doinei \u0219i lui Ion Aldea-Teodorovici \u2013 \u201edou\u0103 inimi, precum se notific\u0103 \u00een [&hellip;]<\/p>\n","protected":false},"author":1,"featured_media":9184,"comment_status":"open","ping_status":"open","sticky":false,"template":"","format":"standard","meta":{"_price":"","_stock":"","_tribe_ticket_header":"","_tribe_default_ticket_provider":"","_tribe_ticket_capacity":"0","_ticket_start_date":"","_ticket_end_date":"","_tribe_ticket_show_description":"","_tribe_ticket_show_not_going":false,"_tribe_ticket_use_global_stock":"","_tribe_ticket_global_stock_level":"","_global_stock_mode":"","_global_stock_cap":"","_tribe_rsvp_for_event":"","_tribe_ticket_going_count":"","_tribe_ticket_not_going_count":"","_tribe_tickets_list":"[]","_tribe_ticket_has_attendee_info_fields":false,"footnotes":""},"categories":[89,80,1],"tags":[],"class_list":["post-9182","post","type-post","status-publish","format-standard","has-post-thumbnail","hentry","category-blog","category-toate-categoriile","category-uncategorized"],"_links":{"self":[{"href":"https:\/\/www.liceulprometeuprotalent.md\/index.php?rest_route=\/wp\/v2\/posts\/9182","targetHints":{"allow":["GET"]}}],"collection":[{"href":"https:\/\/www.liceulprometeuprotalent.md\/index.php?rest_route=\/wp\/v2\/posts"}],"about":[{"href":"https:\/\/www.liceulprometeuprotalent.md\/index.php?rest_route=\/wp\/v2\/types\/post"}],"author":[{"embeddable":true,"href":"https:\/\/www.liceulprometeuprotalent.md\/index.php?rest_route=\/wp\/v2\/users\/1"}],"replies":[{"embeddable":true,"href":"https:\/\/www.liceulprometeuprotalent.md\/index.php?rest_route=%2Fwp%2Fv2%2Fcomments&post=9182"}],"version-history":[{"count":2,"href":"https:\/\/www.liceulprometeuprotalent.md\/index.php?rest_route=\/wp\/v2\/posts\/9182\/revisions"}],"predecessor-version":[{"id":9186,"href":"https:\/\/www.liceulprometeuprotalent.md\/index.php?rest_route=\/wp\/v2\/posts\/9182\/revisions\/9186"}],"wp:featuredmedia":[{"embeddable":true,"href":"https:\/\/www.liceulprometeuprotalent.md\/index.php?rest_route=\/wp\/v2\/media\/9184"}],"wp:attachment":[{"href":"https:\/\/www.liceulprometeuprotalent.md\/index.php?rest_route=%2Fwp%2Fv2%2Fmedia&parent=9182"}],"wp:term":[{"taxonomy":"category","embeddable":true,"href":"https:\/\/www.liceulprometeuprotalent.md\/index.php?rest_route=%2Fwp%2Fv2%2Fcategories&post=9182"},{"taxonomy":"post_tag","embeddable":true,"href":"https:\/\/www.liceulprometeuprotalent.md\/index.php?rest_route=%2Fwp%2Fv2%2Ftags&post=9182"}],"curies":[{"name":"wp","href":"https:\/\/api.w.org\/{rel}","templated":true}]}}