{"id":9192,"date":"2025-12-05T11:12:02","date_gmt":"2025-12-05T11:12:02","guid":{"rendered":"https:\/\/www.liceulprometeuprotalent.md\/?p=9192"},"modified":"2025-12-05T11:12:02","modified_gmt":"2025-12-05T11:12:02","slug":"hai-sa-dam-mana-cu-mana-cei-cu-inima-romana","status":"publish","type":"post","link":"https:\/\/www.liceulprometeuprotalent.md\/?p=9192","title":{"rendered":"\u201eHai s\u0103 d\u0103m m\u00e2n\u0103 cu m\u00e2n\u0103, cei cu inima rom\u00e2n\u0103&#8230;&#8221;"},"content":{"rendered":"<p>\u00cen pauza mare a zilei de 1 decembrie 2025, elevii \u0219i cadrele didactice de la Liceul de Creativitate \u0219i Inventic\u0103 \u201ePrometeu-Protalent\u201d s-au prins \u00eentr-o minunat\u0103 Hor\u0103 a Unirii, s\u0103rb\u0103torind \u00een acest mod Ziua Na\u021bional\u0103 a Rom\u00e2niei. Festivitatea a purtat genericul \u201eHai s\u0103 d\u0103m m\u00e2n\u0103 cu m\u00e2n\u0103, cei cu inima rom\u00e2n\u0103\u2026\u201d, iar fe\u021bele radioase ale fiec\u0103rui dansator confirmau emo\u021bia \u0219i bucuria tr\u0103it\u0103 cu ocazia S\u0103rb\u0103torii Na\u021bionale.<\/p>\n<p>Men\u021bion\u0103m totodat\u0103 c\u0103 toate clasele au fost decorate \u00een aceast\u0103 zi cu drapele tricolor, surse istorice \u0219i proiecte realizate de elevi, menite s\u0103 informeze c\u00e2t mai pe larg \u0219i mai detaliat despre Marea Unire din 1918, atunci c\u00e2nd poporul rom\u00e2n s-a unit \u00eentr-o singur\u0103 \u021aar\u0103 \u2013 Rom\u00e2nia.<\/p>\n<p>Felicit\u0103ri cordiale tuturor dansatorilor, mici \u0219i mari! Admir\u0103m vibra\u021bia inimilor voastre la unison cu a fra\u021bilor rom\u00e2ni de pretutindeni!<\/p>\n<p>Mul\u021bumiri \u0219i aprecieri exprim\u0103m tuturor cadrelor didactice \u0219i \u00eendeosebi doamnei Angela Miron, director adjunct educa\u021bie, doamnei Eugenia Negru, profesoar\u0103 de istorie, doamnei Daria Fran\u021buz, profesoar\u0103 de istorie \u0219i nemijlocit domnului Veaceslav Adam, profesor de educa\u021bie muzical\u0103, care prin \u00eendemnul lor sincer \u0219i mobilizator au creat \u00een incinta Liceului nostru o atmosfer\u0103 de s\u0103rb\u0103toare de neuitat.<\/p>\n<p>&nbsp;<\/p>\n","protected":false},"excerpt":{"rendered":"<p>\u00cen pauza mare a zilei de 1 decembrie 2025, elevii \u0219i cadrele didactice de la Liceul de Creativitate \u0219i Inventic\u0103 \u201ePrometeu-Protalent\u201d s-au prins \u00eentr-o minunat\u0103 Hor\u0103 a Unirii, s\u0103rb\u0103torind \u00een acest mod Ziua Na\u021bional\u0103 a Rom\u00e2niei. Festivitatea a purtat genericul \u201eHai s\u0103 d\u0103m m\u00e2n\u0103 cu m\u00e2n\u0103, cei cu inima rom\u00e2n\u0103\u2026\u201d, iar fe\u021bele radioase ale fiec\u0103rui [&hellip;]<\/p>\n","protected":false},"author":1,"featured_media":9193,"comment_status":"open","ping_status":"open","sticky":false,"template":"","format":"standard","meta":{"_price":"","_stock":"","_tribe_ticket_header":"","_tribe_default_ticket_provider":"","_tribe_ticket_capacity":"0","_ticket_start_date":"","_ticket_end_date":"","_tribe_ticket_show_description":"","_tribe_ticket_show_not_going":false,"_tribe_ticket_use_global_stock":"","_tribe_ticket_global_stock_level":"","_global_stock_mode":"","_global_stock_cap":"","_tribe_rsvp_for_event":"","_tribe_ticket_going_count":"","_tribe_ticket_not_going_count":"","_tribe_tickets_list":"[]","_tribe_ticket_has_attendee_info_fields":false,"footnotes":""},"categories":[89,80,1],"tags":[],"class_list":["post-9192","post","type-post","status-publish","format-standard","has-post-thumbnail","hentry","category-blog","category-toate-categoriile","category-uncategorized"],"_links":{"self":[{"href":"https:\/\/www.liceulprometeuprotalent.md\/index.php?rest_route=\/wp\/v2\/posts\/9192","targetHints":{"allow":["GET"]}}],"collection":[{"href":"https:\/\/www.liceulprometeuprotalent.md\/index.php?rest_route=\/wp\/v2\/posts"}],"about":[{"href":"https:\/\/www.liceulprometeuprotalent.md\/index.php?rest_route=\/wp\/v2\/types\/post"}],"author":[{"embeddable":true,"href":"https:\/\/www.liceulprometeuprotalent.md\/index.php?rest_route=\/wp\/v2\/users\/1"}],"replies":[{"embeddable":true,"href":"https:\/\/www.liceulprometeuprotalent.md\/index.php?rest_route=%2Fwp%2Fv2%2Fcomments&post=9192"}],"version-history":[{"count":1,"href":"https:\/\/www.liceulprometeuprotalent.md\/index.php?rest_route=\/wp\/v2\/posts\/9192\/revisions"}],"predecessor-version":[{"id":9194,"href":"https:\/\/www.liceulprometeuprotalent.md\/index.php?rest_route=\/wp\/v2\/posts\/9192\/revisions\/9194"}],"wp:featuredmedia":[{"embeddable":true,"href":"https:\/\/www.liceulprometeuprotalent.md\/index.php?rest_route=\/wp\/v2\/media\/9193"}],"wp:attachment":[{"href":"https:\/\/www.liceulprometeuprotalent.md\/index.php?rest_route=%2Fwp%2Fv2%2Fmedia&parent=9192"}],"wp:term":[{"taxonomy":"category","embeddable":true,"href":"https:\/\/www.liceulprometeuprotalent.md\/index.php?rest_route=%2Fwp%2Fv2%2Fcategories&post=9192"},{"taxonomy":"post_tag","embeddable":true,"href":"https:\/\/www.liceulprometeuprotalent.md\/index.php?rest_route=%2Fwp%2Fv2%2Ftags&post=9192"}],"curies":[{"name":"wp","href":"https:\/\/api.w.org\/{rel}","templated":true}]}}