{"id":9195,"date":"2025-12-10T09:11:43","date_gmt":"2025-12-10T09:11:43","guid":{"rendered":"https:\/\/www.liceulprometeuprotalent.md\/?p=9195"},"modified":"2025-12-10T09:11:43","modified_gmt":"2025-12-10T09:11:43","slug":"siguranta-online-incepe-cu-fiecare-dintre-noi","status":"publish","type":"post","link":"https:\/\/www.liceulprometeuprotalent.md\/?p=9195","title":{"rendered":"Siguran\u021ba online \u00eencepe cu fiecare dintre noi!"},"content":{"rendered":"<p>\u00cen perioada 11\u201328 noiembrie 2025, Liceul de Creativitate \u0219i Inventic\u0103 \u201ePrometeu-Protalent\u201d s-a al\u0103turat ini\u021biativei interna\u021bionale dedicate Lunarului Con\u0219tientiz\u0103rii Securit\u0103\u021bii Cibernetice, desf\u0103\u0219ur\u00e2nd un amplu program de activit\u0103\u021bi educative, preventive \u0219i creative, adresate elevilor, profesorilor \u0219i p\u0103rin\u021bilor.<\/p>\n<p>Activit\u0103\u021bile au debutat pe 11 noiembrie, cu distribuirea de pliante \u0219i semne de carte informative realizate de elevii claselor a XI-a \u201eB\u201d \u0219i a XII-a \u201eB\u201d, oferind elevilor \u0219i profesorilor informa\u021bii esen\u021biale despre siguran\u021ba online.<\/p>\n<p>Elevii claselor a VII-a \u2013 a IX-a au realizat o expozi\u021bie de postere cu tema <em>\u201eCinci reguli de aur pentru siguran\u021ba online\u201d<\/em>, iar elevii\u00a0 claselor a VII-a au participat la ateliere de desene digitale cu aceea\u0219i tematic\u0103.<\/p>\n<p>Un compartiment aparte al programului a fost dedicat temei &#8211; Educa\u021bie pentru cei mici.<\/p>\n<p>\u00cen intervalul 17\u201327 noiembrie, elevii claselor a X-a \u0219i a XI-a au sus\u021binut prezent\u0103ri interactive despre <em>\u201eRiscuri pe Internet pentru cei mici\u201d <\/em>\u00een clasele primare, contribuind activ la educarea celor mici, \u00eendemn\u00e2ndu-i s\u0103 realizeze desene ca sarcin\u0103 pentru acas\u0103.<\/p>\n<p>Pe toat\u0103 durata lunarului, dirigin\u021bii au organizat proiec\u021bii video \u0219i dezbateri cu tema <em>\u201eEroul cibernetic al zilei\u201d<\/em>, implic\u00e2nd elevi din clasele a V-a \u2013 a XII-a \u00een activit\u0103\u021bi de reflec\u021bie asupra comportamentului responsabil \u00een mediul online.<\/p>\n<p>O alt\u0103 activitate a programului a fost dedicat\u0103 p\u0103rin\u021bilor, care au beneficiat de un ghid practic cu tema <em>\u201eCum discut\u0103m cu copiii despre Internet\u201d<\/em>, realizat cu sprijinul coordonatorilor, dirigin\u021bilor \u0219i al pre\u0219edin\u021bilor comitetelor de p\u0103rin\u021bi.<\/p>\n<p>Concursul pe echipe \u201eDetecteaz\u0103 falsuri online\u201d, organizat la data de 27 noiembrie, a reunit elevi din clasele a X-a \u0219i a XI-a, care \u0219i-au demonstrat din plin spiritul de echip\u0103, g\u00e2ndirea critic\u0103 \u0219i capacitatea de analiz\u0103 a informa\u021biilor din mediul online. A fost o activitate cognitiv\u0103 \u0219i educativ\u0103 extrem de actual\u0103. Tinerii au \u00eenv\u0103\u021bat cum s\u0103 recunoasc\u0103 \u0219tirile false, deepfake-urile \u0219i manipul\u0103rile din mediul online. Prin runde interactive, titluri capcan\u0103, verificarea surselor \u0219i studii de caz reale, elevii \u0219i-au antrenat \u0219i dezvoltat g\u00e2ndirea critic\u0103. Lucrul \u00een echip\u0103, analiza argumentat\u0103 \u0219i spiritul de competi\u021bie au creat o atmosfer\u0103 dinamic\u0103 \u0219i mobilizatoare.<\/p>\n<p>Participan\u021bii au descoperit c\u00e2t de important este s\u0103 verifice informa\u021bia \u00eenainte de a o distribui. Activitatea a pus accent pe pericolele dezinform\u0103rii \u0219i pe responsabilitatea fiec\u0103ruia \u00een mediul digital. Elevii au demonstrat c\u0103 pot face diferen\u021ba \u00eentre adev\u0103r \u0219i fals prin logic\u0103, aten\u021bie \u0219i documentare.<\/p>\n<p>Concursul a fost instructiv, captivant, plin de energie \u0219i entuziasm. \u00cen urma probelor parcurse, clasamentul final a fost urm\u0103torul:<\/p>\n<p>Locul I \u2013 echipa \u201eScutul digital\u201d, elevii clasei a X-a \u201eA\u201d;<br \/>\nLocul II \u2013 echipa \u201eHomosapiens\u201d, elevii clasei a XI-a \u201eB\u201d;<br \/>\nLocul III \u2013 echipa \u201eV\u00e2n\u0103torii de adev\u0103r\u201d, elevii clasei a X-a \u201eB\u201d.<\/p>\n<p>Toate activit\u0103\u021bile au fost coordonate de doamnele profesoare de informatic\u0103 doamna Liliana Bl\u0103ni\u021b\u0103 \u0219i doamna Ecaterina Adam, iar concluziile trase \u00een urma Lunarului Con\u0219tientiz\u0103rii Securit\u0103\u021bii Cibernetice 2025 sunt: diversitatea \u0219i complexitatea activit\u0103\u021bilor desf\u0103\u0219urate au contribuit semnificativ la formarea unui comportament responsabil \u00een mediul digital; la dezvoltarea g\u00e2ndirii critice; la consolidarea parteneriatului \u0219coal\u0103-elev-p\u0103rinte; la promovarea creativit\u0103\u021bii \u0219i implic\u0103rii active a fiec\u0103rui elev.<\/p>\n<p>\u201e\u00cempreun\u0103 form\u0103m o genera\u021bie mai atent\u0103, mai informat\u0103 \u0219i mai protejat\u0103 \u00een spa\u021biul online. Lunarul s-a desf\u0103\u0219urat \u00eentr-o atmosfer\u0103 dinamic\u0103, plin\u0103 de entuziasm \u0219i implicare, eviden\u021biind importan\u021ba luptei \u00eempotriva dezinform\u0103rii\u201d, a opinat doamna Liliana Bl\u0103ni\u021b\u0103.<\/p>\n<p>&nbsp;<\/p>\n<p>Adres\u0103m mul\u021bumiri \u0219i aprecieri tuturor elevilor pentru seriozitate, curaj \u0219i participare energic\u0103 la activit\u0103\u021bile Lunarului, tuturor cadrelor didactice, dirigin\u021bilor, p\u0103rin\u021bilor pentru motivare \u0219i suport, precum \u0219i coordonatorilor principali ai programului \u2013 profesoarele de informatic\u0103\u00a0 doamna Liliana Bl\u0103ni\u021b\u0103 \u0219i doamna Ecaterina Adam pentru dedicare, profesionalism \u0219i implicare.<\/p>\n<p>Siguran\u021ba online \u00eencepe cu fiecare dintre noi!<\/p>\n<p><img decoding=\"async\" class=\"alignnone size-full wp-image-9196\" src=\"https:\/\/www.liceulprometeuprotalent.md\/wp-content\/uploads\/2025\/12\/IMG_20251111_114841-scaled.jpg\" alt=\"\" width=\"2560\" height=\"1444\" srcset=\"https:\/\/www.liceulprometeuprotalent.md\/wp-content\/uploads\/2025\/12\/IMG_20251111_114841-200x113.jpg 200w, https:\/\/www.liceulprometeuprotalent.md\/wp-content\/uploads\/2025\/12\/IMG_20251111_114841-300x169.jpg 300w, https:\/\/www.liceulprometeuprotalent.md\/wp-content\/uploads\/2025\/12\/IMG_20251111_114841-400x226.jpg 400w, https:\/\/www.liceulprometeuprotalent.md\/wp-content\/uploads\/2025\/12\/IMG_20251111_114841-600x338.jpg 600w, https:\/\/www.liceulprometeuprotalent.md\/wp-content\/uploads\/2025\/12\/IMG_20251111_114841-768x433.jpg 768w, https:\/\/www.liceulprometeuprotalent.md\/wp-content\/uploads\/2025\/12\/IMG_20251111_114841-800x451.jpg 800w, https:\/\/www.liceulprometeuprotalent.md\/wp-content\/uploads\/2025\/12\/IMG_20251111_114841-1024x578.jpg 1024w, https:\/\/www.liceulprometeuprotalent.md\/wp-content\/uploads\/2025\/12\/IMG_20251111_114841-1200x677.jpg 1200w, https:\/\/www.liceulprometeuprotalent.md\/wp-content\/uploads\/2025\/12\/IMG_20251111_114841-1536x866.jpg 1536w, https:\/\/www.liceulprometeuprotalent.md\/wp-content\/uploads\/2025\/12\/IMG_20251111_114841-scaled.jpg 2560w\" sizes=\"(max-width: 2560px) 100vw, 2560px\" \/> <img decoding=\"async\" class=\"alignnone size-full wp-image-9197\" src=\"https:\/\/www.liceulprometeuprotalent.md\/wp-content\/uploads\/2025\/12\/IMG_20251111_162121-scaled.jpg\" alt=\"\" width=\"2560\" height=\"1237\" srcset=\"https:\/\/www.liceulprometeuprotalent.md\/wp-content\/uploads\/2025\/12\/IMG_20251111_162121-200x97.jpg 200w, https:\/\/www.liceulprometeuprotalent.md\/wp-content\/uploads\/2025\/12\/IMG_20251111_162121-300x145.jpg 300w, https:\/\/www.liceulprometeuprotalent.md\/wp-content\/uploads\/2025\/12\/IMG_20251111_162121-400x193.jpg 400w, https:\/\/www.liceulprometeuprotalent.md\/wp-content\/uploads\/2025\/12\/IMG_20251111_162121-600x290.jpg 600w, https:\/\/www.liceulprometeuprotalent.md\/wp-content\/uploads\/2025\/12\/IMG_20251111_162121-768x371.jpg 768w, https:\/\/www.liceulprometeuprotalent.md\/wp-content\/uploads\/2025\/12\/IMG_20251111_162121-800x387.jpg 800w, https:\/\/www.liceulprometeuprotalent.md\/wp-content\/uploads\/2025\/12\/IMG_20251111_162121-1024x495.jpg 1024w, https:\/\/www.liceulprometeuprotalent.md\/wp-content\/uploads\/2025\/12\/IMG_20251111_162121-1200x580.jpg 1200w, https:\/\/www.liceulprometeuprotalent.md\/wp-content\/uploads\/2025\/12\/IMG_20251111_162121-1536x742.jpg 1536w, https:\/\/www.liceulprometeuprotalent.md\/wp-content\/uploads\/2025\/12\/IMG_20251111_162121-scaled.jpg 2560w\" sizes=\"(max-width: 2560px) 100vw, 2560px\" \/> \u00a0<img decoding=\"async\" class=\"alignnone size-full wp-image-9199\" src=\"https:\/\/www.liceulprometeuprotalent.md\/wp-content\/uploads\/2025\/12\/viber_image_2025-12-03_17-34-45-597.jpg\" alt=\"\" width=\"1600\" height=\"1200\" srcset=\"https:\/\/www.liceulprometeuprotalent.md\/wp-content\/uploads\/2025\/12\/viber_image_2025-12-03_17-34-45-597-200x150.jpg 200w, https:\/\/www.liceulprometeuprotalent.md\/wp-content\/uploads\/2025\/12\/viber_image_2025-12-03_17-34-45-597-300x225.jpg 300w, https:\/\/www.liceulprometeuprotalent.md\/wp-content\/uploads\/2025\/12\/viber_image_2025-12-03_17-34-45-597-400x300.jpg 400w, https:\/\/www.liceulprometeuprotalent.md\/wp-content\/uploads\/2025\/12\/viber_image_2025-12-03_17-34-45-597-600x450.jpg 600w, https:\/\/www.liceulprometeuprotalent.md\/wp-content\/uploads\/2025\/12\/viber_image_2025-12-03_17-34-45-597-768x576.jpg 768w, https:\/\/www.liceulprometeuprotalent.md\/wp-content\/uploads\/2025\/12\/viber_image_2025-12-03_17-34-45-597-800x600.jpg 800w, https:\/\/www.liceulprometeuprotalent.md\/wp-content\/uploads\/2025\/12\/viber_image_2025-12-03_17-34-45-597-1024x768.jpg 1024w, https:\/\/www.liceulprometeuprotalent.md\/wp-content\/uploads\/2025\/12\/viber_image_2025-12-03_17-34-45-597-1200x900.jpg 1200w, https:\/\/www.liceulprometeuprotalent.md\/wp-content\/uploads\/2025\/12\/viber_image_2025-12-03_17-34-45-597-1536x1152.jpg 1536w, https:\/\/www.liceulprometeuprotalent.md\/wp-content\/uploads\/2025\/12\/viber_image_2025-12-03_17-34-45-597.jpg 1600w\" sizes=\"(max-width: 1600px) 100vw, 1600px\" \/> <img decoding=\"async\" class=\"alignnone size-full wp-image-9200\" src=\"https:\/\/www.liceulprometeuprotalent.md\/wp-content\/uploads\/2025\/12\/viber_image_2025-12-03_17-34-45-810.jpg\" alt=\"\" width=\"1600\" height=\"1200\" srcset=\"https:\/\/www.liceulprometeuprotalent.md\/wp-content\/uploads\/2025\/12\/viber_image_2025-12-03_17-34-45-810-200x150.jpg 200w, https:\/\/www.liceulprometeuprotalent.md\/wp-content\/uploads\/2025\/12\/viber_image_2025-12-03_17-34-45-810-300x225.jpg 300w, https:\/\/www.liceulprometeuprotalent.md\/wp-content\/uploads\/2025\/12\/viber_image_2025-12-03_17-34-45-810-400x300.jpg 400w, https:\/\/www.liceulprometeuprotalent.md\/wp-content\/uploads\/2025\/12\/viber_image_2025-12-03_17-34-45-810-600x450.jpg 600w, https:\/\/www.liceulprometeuprotalent.md\/wp-content\/uploads\/2025\/12\/viber_image_2025-12-03_17-34-45-810-768x576.jpg 768w, https:\/\/www.liceulprometeuprotalent.md\/wp-content\/uploads\/2025\/12\/viber_image_2025-12-03_17-34-45-810-800x600.jpg 800w, https:\/\/www.liceulprometeuprotalent.md\/wp-content\/uploads\/2025\/12\/viber_image_2025-12-03_17-34-45-810-1024x768.jpg 1024w, https:\/\/www.liceulprometeuprotalent.md\/wp-content\/uploads\/2025\/12\/viber_image_2025-12-03_17-34-45-810-1200x900.jpg 1200w, https:\/\/www.liceulprometeuprotalent.md\/wp-content\/uploads\/2025\/12\/viber_image_2025-12-03_17-34-45-810-1536x1152.jpg 1536w, https:\/\/www.liceulprometeuprotalent.md\/wp-content\/uploads\/2025\/12\/viber_image_2025-12-03_17-34-45-810.jpg 1600w\" sizes=\"(max-width: 1600px) 100vw, 1600px\" \/><\/p>\n","protected":false},"excerpt":{"rendered":"<p>\u00cen perioada 11\u201328 noiembrie 2025, Liceul de Creativitate \u0219i Inventic\u0103 \u201ePrometeu-Protalent\u201d s-a al\u0103turat ini\u021biativei interna\u021bionale dedicate Lunarului Con\u0219tientiz\u0103rii Securit\u0103\u021bii Cibernetice, desf\u0103\u0219ur\u00e2nd un amplu program de activit\u0103\u021bi educative, preventive \u0219i creative, adresate elevilor, profesorilor \u0219i p\u0103rin\u021bilor. Activit\u0103\u021bile au debutat pe 11 noiembrie, cu distribuirea de pliante \u0219i semne de carte informative realizate de elevii claselor a [&hellip;]<\/p>\n","protected":false},"author":1,"featured_media":9199,"comment_status":"open","ping_status":"open","sticky":false,"template":"","format":"standard","meta":{"_price":"","_stock":"","_tribe_ticket_header":"","_tribe_default_ticket_provider":"","_tribe_ticket_capacity":"0","_ticket_start_date":"","_ticket_end_date":"","_tribe_ticket_show_description":"","_tribe_ticket_show_not_going":false,"_tribe_ticket_use_global_stock":"","_tribe_ticket_global_stock_level":"","_global_stock_mode":"","_global_stock_cap":"","_tribe_rsvp_for_event":"","_tribe_ticket_going_count":"","_tribe_ticket_not_going_count":"","_tribe_tickets_list":"[]","_tribe_ticket_has_attendee_info_fields":false,"footnotes":""},"categories":[89,80,1],"tags":[],"class_list":["post-9195","post","type-post","status-publish","format-standard","has-post-thumbnail","hentry","category-blog","category-toate-categoriile","category-uncategorized"],"_links":{"self":[{"href":"https:\/\/www.liceulprometeuprotalent.md\/index.php?rest_route=\/wp\/v2\/posts\/9195","targetHints":{"allow":["GET"]}}],"collection":[{"href":"https:\/\/www.liceulprometeuprotalent.md\/index.php?rest_route=\/wp\/v2\/posts"}],"about":[{"href":"https:\/\/www.liceulprometeuprotalent.md\/index.php?rest_route=\/wp\/v2\/types\/post"}],"author":[{"embeddable":true,"href":"https:\/\/www.liceulprometeuprotalent.md\/index.php?rest_route=\/wp\/v2\/users\/1"}],"replies":[{"embeddable":true,"href":"https:\/\/www.liceulprometeuprotalent.md\/index.php?rest_route=%2Fwp%2Fv2%2Fcomments&post=9195"}],"version-history":[{"count":1,"href":"https:\/\/www.liceulprometeuprotalent.md\/index.php?rest_route=\/wp\/v2\/posts\/9195\/revisions"}],"predecessor-version":[{"id":9201,"href":"https:\/\/www.liceulprometeuprotalent.md\/index.php?rest_route=\/wp\/v2\/posts\/9195\/revisions\/9201"}],"wp:featuredmedia":[{"embeddable":true,"href":"https:\/\/www.liceulprometeuprotalent.md\/index.php?rest_route=\/wp\/v2\/media\/9199"}],"wp:attachment":[{"href":"https:\/\/www.liceulprometeuprotalent.md\/index.php?rest_route=%2Fwp%2Fv2%2Fmedia&parent=9195"}],"wp:term":[{"taxonomy":"category","embeddable":true,"href":"https:\/\/www.liceulprometeuprotalent.md\/index.php?rest_route=%2Fwp%2Fv2%2Fcategories&post=9195"},{"taxonomy":"post_tag","embeddable":true,"href":"https:\/\/www.liceulprometeuprotalent.md\/index.php?rest_route=%2Fwp%2Fv2%2Ftags&post=9195"}],"curies":[{"name":"wp","href":"https:\/\/api.w.org\/{rel}","templated":true}]}}