{"id":9258,"date":"2025-12-22T17:07:26","date_gmt":"2025-12-22T17:07:26","guid":{"rendered":"https:\/\/www.liceulprometeuprotalent.md\/?p=9258"},"modified":"2025-12-22T17:07:26","modified_gmt":"2025-12-22T17:07:26","slug":"gala-excelentei-in-educatie-in-anul-2025","status":"publish","type":"post","link":"https:\/\/www.liceulprometeuprotalent.md\/?p=9258","title":{"rendered":"Gala excelen\u021bei \u00een educa\u021bie, \u00een anul 2025"},"content":{"rendered":"<p>Numele Liceului de Creativitate \u0219i Inventic\u0103 \u201ePrometeu-Protalent\u201d a r\u0103sunat \u00een mai multe r\u00e2nduri \u00een cadrul Galei excelen\u021bei \u00een educa\u021bie 2025, care a avut loc pe data de 19 decembrie 2025.<\/p>\n<p>Institu\u021bia noastr\u0103 a fost nominalizat\u0103 la patru categorii, iar bucuria pentru aceste minunate succese este incomensurabil\u0103.<\/p>\n<p>Anun\u021b\u0103m cu m\u00e2ndrie c\u0103 Liceul \u201ePrometeu-Protalent\u201d a fost calificat drept \u00eenving\u0103tor la categoriile <strong>\u201eLiderul excelen\u021bei gimnaziale \u2013 2025<\/strong>\u201d \u0219i <strong>\u201eRezultate excelente \u00een sesiunea 2025 \u2013 \u00a0gimnaziu\u201d. <\/strong>Elevii prometei\u0219ti, sus\u021binu\u021bi, inspira\u021bi \u0219i ghida\u021bi de cadrele didactice, au reu\u0219it s\u0103 ob\u021bin\u0103 cel mai \u00eenalt procent al calit\u0103\u021bii \u0219i cea mai mare medie la examen din municipiul Chi\u0219in\u0103u<strong>.<\/strong> Ei au realizat aceste performan\u021be deosebite, dovedind, o dat\u0103 \u00een plus, c\u0103 munca, perseveren\u021ba \u0219i \u00eencrederea \u00een for\u021bele proprii pot face minuni, iar garan\u021bia acestor rezultate excelente au fost, indubitabil, profesionalismul \u0219i dedicarea cadrelor didactice ale Liceului.<\/p>\n<p>\u00cen cadrul evenimentului, Liceul nostru a fost numit reper al calit\u0103\u021bii educa\u021biei \u0219i a fost apreciat cu Diplom\u0103 de merit pentru<strong> rezultate constante \u0219i performan\u021be remarcabile la examenele de Bacalaulareat.<\/strong><\/p>\n<p>De asemenea, \u201eLiceul Prometeu-Protalent\u201d a fost distins cu Diplom\u0103 \u0219i la nominalizarea <strong>\u201eLaureat olimpic \u2013 2025\u201d <\/strong>pentru cele mai multe locuri ob\u021binute la olimpiadele \u0219colare.<\/p>\n<p>Cu Diplome, statuete \u0219i premii b\u0103ne\u0219ti, la categoria <strong>\u201eAbsolvent de nota 10\u201d,<\/strong> au fost nominalizate elevele \u2013 Raluca-Cristiana Cazacu \u0219i Alexandrina Barnaciuc, care s-au convins \u00a0c\u0103 performan\u021bele pot fi atinse prin efort constant \u0219i dorin\u021ba de a cuceri culmile succesului.<\/p>\n<p>La categoria <strong>\u201eFarul olimpicilor\u201d, <\/strong>dedicat\u0103 excelen\u021bei cadrelor didactice, au fost distin\u0219i cu Diplome, statuete \u0219i premii doamna Tatiana Statii, profesoar\u0103 de biologie, grad didactic superior \u0219i domnul Sergiu \u0218argarovschi, profesor de fizic\u0103, grad didactic superior, director adjunct securitatea vie\u021bii \u0219i a muncii. Domniilor lor le-au fost apreciate calit\u0103\u021bile profesionale precum devotamentul, tenacitatea \u0219i mentoratul \u00een performan\u021b\u0103, profit\u00e2ndu-se de minunatul prilej de a li se exprima de pe scen\u0103 recuno\u0219tin\u021b\u0103, pre\u021buire \u0219i admira\u021bie.<\/p>\n<p>Recuno\u0219tin\u021b\u0103, pre\u021buire \u0219i admira\u021bie pentru performan\u021bele ob\u021binute de \u00eentreaga echip\u0103 educa\u021bional\u0103 a exprimat la r\u00e2ndul ei \u0219i conducerea Liceului .\u201ePrometeu-Protalent\u201d, dup\u0103 cum urmeaz\u0103:<\/p>\n<p><strong>Doamna Zinaida V\u00eerlan,<\/strong> directoarea Liceului de Creativitate \u0219i Inventic\u0103 \u201ePrometeu-Protalent\u201d:<\/p>\n<p>\u201eSunt rezultatele \u00eentregului colectiv didactic. Avem profesori de cea mai \u00eenalt\u0103 calitate profesional\u0103. Felicit\u0103ri, colegilor, elevilor, p\u0103rin\u021bilor!\u201d<\/p>\n<p><strong>Doamna Larisa Silvestru,<\/strong> consilier rela\u021bii publice, p\u0103rin\u021bi, parteneriate educa\u021bionale: \u201eFelicit\u0103ri cordiale, stimat\u0103 doamn\u0103 Zinaida V\u00eerlan! Felicit\u0103ri, stimate doamne \u0219i stima\u021bi domni, cei care porni\u021bi spre \u0219coal\u0103 cu bucuria de a v\u0103 \u00eent\u00e2lni \u0219i d\u0103rui copiilor tot ce ave\u021bi mai bun, mai nobil \u0219i mai frumos \u00een sufletele, mintea \u0219i inimile Dumneavoastr\u0103!\u201d<\/p>\n<p><strong>Doamna Angela Lungu,<\/strong> director adjunct pentru instruire, gimnaziu \u0219i liceu: \u201eViziune, misiune, calitate, stil! Ani prosperi, rezultate deosebite, frumoas\u0103 comunicare la \u201ePrometeu-Protalent\u201d! Distinse domnule Aurelian Silvestru, confirm\u0103m ideea c\u0103 \u201eVictoria e dincolo de imposibil!\u201d Gratitudinea \u0219i pre\u021buirea noastr\u0103!\u201d<\/p>\n<p><strong>Doamna Violeta Popovici-Bujor, <\/strong>director adjunct matematic\u0103 \u0219i \u0219tiin\u021be:<strong> \u201e<\/strong>Excelen\u021ba a fost posibil\u0103 datorit\u0103 echipei de profesioni\u0219ti, \u00eencep\u00e2nd cu domnul director fondator Aurelian Silvestru, care a \u0219tiut s\u0103 construiasc\u0103 o comunitate educa\u021bional\u0103 unit\u0103, de la treapta primar\u0103 p\u00e2n\u0103 la treapta de liceu. Aceast\u0103 recunoa\u0219tere nu este doar o distinc\u021bie, ci o confirmare a unui drum parcurs cu demnitate, munc\u0103 \u0219i credin\u021b\u0103 \u00een valoarea educa\u021biei. Este meritul unei comunit\u0103\u021bi care demonstreaz\u0103 c\u0103 excelen\u021ba nu este un accident, ci rezultatul unei viziuni clare, al unei echipe unite \u0219i al unor elevi care au \u00eenv\u0103\u021bat s\u0103 cread\u0103 \u00een propriile for\u021be. Felicit\u0103ri, elevilor, profesorilor, p\u0103rin\u021bilor \u0219i conducerii institu\u021biei!\u201d<\/p>\n<p>&nbsp;<\/p>\n<p>Men\u021bion\u0103m c\u0103 Gala excelen\u021bei \u00een educa\u021bie 2025 este un eveniment organizat de Prim\u0103ria municipiului Chi\u0219in\u0103u, DGETS, dedicat recunoa\u0219terii performan\u021bei elevilor, profesorilor \u0219i institu\u021biilor de \u00eenv\u0103\u021b\u0103m\u00e2nt din municipiul Chi\u0219in\u0103u. Prin acest eveniment se confirm\u0103 angajamentul autorit\u0103\u021bilor pentru crearea unui sistem educa\u021bional modern \u2013 educa\u021bia r\u0103m\u00e2n\u00e2nd a fi o prioritate strategic\u0103, sus\u021binut\u0103 prin investi\u021bii constante \u00een calitate, performan\u021b\u0103 \u0219i motivarea cadrelor didactice.<\/p>\n<p style=\"text-align: center;\"><img decoding=\"async\" class=\"alignnone wp-image-9259 size-fusion-600\" src=\"https:\/\/www.liceulprometeuprotalent.md\/wp-content\/uploads\/2025\/12\/viber_image_2025-12-22_11-57-45-632-600x452.jpg\" alt=\"\" width=\"600\" height=\"452\" srcset=\"https:\/\/www.liceulprometeuprotalent.md\/wp-content\/uploads\/2025\/12\/viber_image_2025-12-22_11-57-45-632-200x151.jpg 200w, https:\/\/www.liceulprometeuprotalent.md\/wp-content\/uploads\/2025\/12\/viber_image_2025-12-22_11-57-45-632-300x226.jpg 300w, https:\/\/www.liceulprometeuprotalent.md\/wp-content\/uploads\/2025\/12\/viber_image_2025-12-22_11-57-45-632-400x301.jpg 400w, https:\/\/www.liceulprometeuprotalent.md\/wp-content\/uploads\/2025\/12\/viber_image_2025-12-22_11-57-45-632-600x452.jpg 600w, https:\/\/www.liceulprometeuprotalent.md\/wp-content\/uploads\/2025\/12\/viber_image_2025-12-22_11-57-45-632-768x578.jpg 768w, https:\/\/www.liceulprometeuprotalent.md\/wp-content\/uploads\/2025\/12\/viber_image_2025-12-22_11-57-45-632-800x603.jpg 800w, https:\/\/www.liceulprometeuprotalent.md\/wp-content\/uploads\/2025\/12\/viber_image_2025-12-22_11-57-45-632-1024x771.jpg 1024w, https:\/\/www.liceulprometeuprotalent.md\/wp-content\/uploads\/2025\/12\/viber_image_2025-12-22_11-57-45-632-1200x904.jpg 1200w, https:\/\/www.liceulprometeuprotalent.md\/wp-content\/uploads\/2025\/12\/viber_image_2025-12-22_11-57-45-632-1536x1157.jpg 1536w, https:\/\/www.liceulprometeuprotalent.md\/wp-content\/uploads\/2025\/12\/viber_image_2025-12-22_11-57-45-632.jpg 1600w\" sizes=\"(max-width: 600px) 100vw, 600px\" \/> <img decoding=\"async\" class=\"alignnone wp-image-9260 size-fusion-600\" src=\"https:\/\/www.liceulprometeuprotalent.md\/wp-content\/uploads\/2025\/12\/viber_image_2025-12-22_11-57-29-370-600x452.jpg\" alt=\"\" width=\"600\" height=\"452\" srcset=\"https:\/\/www.liceulprometeuprotalent.md\/wp-content\/uploads\/2025\/12\/viber_image_2025-12-22_11-57-29-370-200x151.jpg 200w, https:\/\/www.liceulprometeuprotalent.md\/wp-content\/uploads\/2025\/12\/viber_image_2025-12-22_11-57-29-370-300x226.jpg 300w, https:\/\/www.liceulprometeuprotalent.md\/wp-content\/uploads\/2025\/12\/viber_image_2025-12-22_11-57-29-370-400x301.jpg 400w, https:\/\/www.liceulprometeuprotalent.md\/wp-content\/uploads\/2025\/12\/viber_image_2025-12-22_11-57-29-370-600x452.jpg 600w, https:\/\/www.liceulprometeuprotalent.md\/wp-content\/uploads\/2025\/12\/viber_image_2025-12-22_11-57-29-370-768x578.jpg 768w, https:\/\/www.liceulprometeuprotalent.md\/wp-content\/uploads\/2025\/12\/viber_image_2025-12-22_11-57-29-370-800x603.jpg 800w, https:\/\/www.liceulprometeuprotalent.md\/wp-content\/uploads\/2025\/12\/viber_image_2025-12-22_11-57-29-370-1024x771.jpg 1024w, https:\/\/www.liceulprometeuprotalent.md\/wp-content\/uploads\/2025\/12\/viber_image_2025-12-22_11-57-29-370-1200x904.jpg 1200w, https:\/\/www.liceulprometeuprotalent.md\/wp-content\/uploads\/2025\/12\/viber_image_2025-12-22_11-57-29-370-1536x1157.jpg 1536w, https:\/\/www.liceulprometeuprotalent.md\/wp-content\/uploads\/2025\/12\/viber_image_2025-12-22_11-57-29-370.jpg 1600w\" sizes=\"(max-width: 600px) 100vw, 600px\" \/><\/p>\n<p style=\"text-align: center;\"><img decoding=\"async\" class=\"alignnone wp-image-9261 size-fusion-600\" src=\"https:\/\/www.liceulprometeuprotalent.md\/wp-content\/uploads\/2025\/12\/viber_image_2025-12-22_11-57-12-971-600x452.jpg\" alt=\"\" width=\"600\" height=\"452\" srcset=\"https:\/\/www.liceulprometeuprotalent.md\/wp-content\/uploads\/2025\/12\/viber_image_2025-12-22_11-57-12-971-200x151.jpg 200w, https:\/\/www.liceulprometeuprotalent.md\/wp-content\/uploads\/2025\/12\/viber_image_2025-12-22_11-57-12-971-300x226.jpg 300w, https:\/\/www.liceulprometeuprotalent.md\/wp-content\/uploads\/2025\/12\/viber_image_2025-12-22_11-57-12-971-400x301.jpg 400w, https:\/\/www.liceulprometeuprotalent.md\/wp-content\/uploads\/2025\/12\/viber_image_2025-12-22_11-57-12-971-600x452.jpg 600w, https:\/\/www.liceulprometeuprotalent.md\/wp-content\/uploads\/2025\/12\/viber_image_2025-12-22_11-57-12-971-768x578.jpg 768w, https:\/\/www.liceulprometeuprotalent.md\/wp-content\/uploads\/2025\/12\/viber_image_2025-12-22_11-57-12-971-800x603.jpg 800w, https:\/\/www.liceulprometeuprotalent.md\/wp-content\/uploads\/2025\/12\/viber_image_2025-12-22_11-57-12-971-1024x771.jpg 1024w, https:\/\/www.liceulprometeuprotalent.md\/wp-content\/uploads\/2025\/12\/viber_image_2025-12-22_11-57-12-971-1200x904.jpg 1200w, https:\/\/www.liceulprometeuprotalent.md\/wp-content\/uploads\/2025\/12\/viber_image_2025-12-22_11-57-12-971-1536x1157.jpg 1536w, https:\/\/www.liceulprometeuprotalent.md\/wp-content\/uploads\/2025\/12\/viber_image_2025-12-22_11-57-12-971.jpg 1600w\" sizes=\"(max-width: 600px) 100vw, 600px\" \/> <img decoding=\"async\" class=\"alignnone wp-image-9262 size-fusion-600\" src=\"https:\/\/www.liceulprometeuprotalent.md\/wp-content\/uploads\/2025\/12\/viber_image_2025-12-22_11-56-53-066-600x452.jpg\" alt=\"\" width=\"600\" height=\"452\" srcset=\"https:\/\/www.liceulprometeuprotalent.md\/wp-content\/uploads\/2025\/12\/viber_image_2025-12-22_11-56-53-066-200x151.jpg 200w, https:\/\/www.liceulprometeuprotalent.md\/wp-content\/uploads\/2025\/12\/viber_image_2025-12-22_11-56-53-066-300x226.jpg 300w, https:\/\/www.liceulprometeuprotalent.md\/wp-content\/uploads\/2025\/12\/viber_image_2025-12-22_11-56-53-066-400x301.jpg 400w, https:\/\/www.liceulprometeuprotalent.md\/wp-content\/uploads\/2025\/12\/viber_image_2025-12-22_11-56-53-066-600x452.jpg 600w, https:\/\/www.liceulprometeuprotalent.md\/wp-content\/uploads\/2025\/12\/viber_image_2025-12-22_11-56-53-066-768x578.jpg 768w, https:\/\/www.liceulprometeuprotalent.md\/wp-content\/uploads\/2025\/12\/viber_image_2025-12-22_11-56-53-066-800x603.jpg 800w, https:\/\/www.liceulprometeuprotalent.md\/wp-content\/uploads\/2025\/12\/viber_image_2025-12-22_11-56-53-066-1024x771.jpg 1024w, https:\/\/www.liceulprometeuprotalent.md\/wp-content\/uploads\/2025\/12\/viber_image_2025-12-22_11-56-53-066-1200x904.jpg 1200w, https:\/\/www.liceulprometeuprotalent.md\/wp-content\/uploads\/2025\/12\/viber_image_2025-12-22_11-56-53-066-1536x1157.jpg 1536w, https:\/\/www.liceulprometeuprotalent.md\/wp-content\/uploads\/2025\/12\/viber_image_2025-12-22_11-56-53-066.jpg 1600w\" sizes=\"(max-width: 600px) 100vw, 600px\" \/><\/p>\n","protected":false},"excerpt":{"rendered":"<p>Numele Liceului de Creativitate \u0219i Inventic\u0103 \u201ePrometeu-Protalent\u201d a r\u0103sunat \u00een mai multe r\u00e2nduri \u00een cadrul Galei excelen\u021bei \u00een educa\u021bie 2025, care a avut loc pe data de 19 decembrie 2025. Institu\u021bia noastr\u0103 a fost nominalizat\u0103 la patru categorii, iar bucuria pentru aceste minunate succese este incomensurabil\u0103. Anun\u021b\u0103m cu m\u00e2ndrie c\u0103 Liceul \u201ePrometeu-Protalent\u201d a fost calificat [&hellip;]<\/p>\n","protected":false},"author":1,"featured_media":9262,"comment_status":"open","ping_status":"open","sticky":false,"template":"","format":"standard","meta":{"_price":"","_stock":"","_tribe_ticket_header":"","_tribe_default_ticket_provider":"","_tribe_ticket_capacity":"0","_ticket_start_date":"","_ticket_end_date":"","_tribe_ticket_show_description":"","_tribe_ticket_show_not_going":false,"_tribe_ticket_use_global_stock":"","_tribe_ticket_global_stock_level":"","_global_stock_mode":"","_global_stock_cap":"","_tribe_rsvp_for_event":"","_tribe_ticket_going_count":"","_tribe_ticket_not_going_count":"","_tribe_tickets_list":"[]","_tribe_ticket_has_attendee_info_fields":false,"footnotes":""},"categories":[89,80,1],"tags":[],"class_list":["post-9258","post","type-post","status-publish","format-standard","has-post-thumbnail","hentry","category-blog","category-toate-categoriile","category-uncategorized"],"_links":{"self":[{"href":"https:\/\/www.liceulprometeuprotalent.md\/index.php?rest_route=\/wp\/v2\/posts\/9258","targetHints":{"allow":["GET"]}}],"collection":[{"href":"https:\/\/www.liceulprometeuprotalent.md\/index.php?rest_route=\/wp\/v2\/posts"}],"about":[{"href":"https:\/\/www.liceulprometeuprotalent.md\/index.php?rest_route=\/wp\/v2\/types\/post"}],"author":[{"embeddable":true,"href":"https:\/\/www.liceulprometeuprotalent.md\/index.php?rest_route=\/wp\/v2\/users\/1"}],"replies":[{"embeddable":true,"href":"https:\/\/www.liceulprometeuprotalent.md\/index.php?rest_route=%2Fwp%2Fv2%2Fcomments&post=9258"}],"version-history":[{"count":1,"href":"https:\/\/www.liceulprometeuprotalent.md\/index.php?rest_route=\/wp\/v2\/posts\/9258\/revisions"}],"predecessor-version":[{"id":9263,"href":"https:\/\/www.liceulprometeuprotalent.md\/index.php?rest_route=\/wp\/v2\/posts\/9258\/revisions\/9263"}],"wp:featuredmedia":[{"embeddable":true,"href":"https:\/\/www.liceulprometeuprotalent.md\/index.php?rest_route=\/wp\/v2\/media\/9262"}],"wp:attachment":[{"href":"https:\/\/www.liceulprometeuprotalent.md\/index.php?rest_route=%2Fwp%2Fv2%2Fmedia&parent=9258"}],"wp:term":[{"taxonomy":"category","embeddable":true,"href":"https:\/\/www.liceulprometeuprotalent.md\/index.php?rest_route=%2Fwp%2Fv2%2Fcategories&post=9258"},{"taxonomy":"post_tag","embeddable":true,"href":"https:\/\/www.liceulprometeuprotalent.md\/index.php?rest_route=%2Fwp%2Fv2%2Ftags&post=9258"}],"curies":[{"name":"wp","href":"https:\/\/api.w.org\/{rel}","templated":true}]}}