{"id":9271,"date":"2025-12-24T09:05:51","date_gmt":"2025-12-24T09:05:51","guid":{"rendered":"https:\/\/www.liceulprometeuprotalent.md\/?p=9271"},"modified":"2025-12-24T09:05:51","modified_gmt":"2025-12-24T09:05:51","slug":"atmosfera-feerica-in-preajma-craciunului","status":"publish","type":"post","link":"https:\/\/www.liceulprometeuprotalent.md\/?p=9271","title":{"rendered":"Atmosfer\u0103 feeric\u0103 \u00een preajma Cr\u0103ciunului"},"content":{"rendered":"<p>Ca la orice sf\u00e2r\u0219it de an, la Liceul de Creativitate \u0219i Inventic\u0103 \u201ePrometeu-Protalent\u201d zilele din preajma Cr\u0103ciunului au purtat un farmec aparte. Elevii clasei preg\u0103titoare \u0219i ai claselor \u00eent\u00e2i au \u021binut s\u0103 ne spun\u0103 primii, prin colinde, plugu\u0219oare \u0219i sorcove, c\u0103 anul 2025 pleac\u0103 \u00een istorie \u0219i vine anul nou \u2013 2026.<\/p>\n<p>Fiecare clas\u0103, ghidat\u0103 de distinsele doamne \u00eenv\u0103\u021b\u0103toare Doina Drumea (clasa preg\u0103titoare), Iulia Scripnic \u0219i Aurelia Durnea (clasa I \u201eA\u201d), Doina Andrei \u0219i Alina Lupa\u0219cu (clasa I \u201eB\u201d), Natalia Veste \u0219i Stela Sava (clasa I \u201eD\u201d ), Svetlana Mihaci (clasa I \u201eC\u201d), \u0219i sus\u021binut\u0103 de doamnele Diana Decusear\u0103-Onic\u0103, artist\u0103 a poporului al Republicii Moldova, profesoar\u0103 de dic\u021bie \u0219i arta vorbirii \u0219i Ala Mereu\u021b\u0103, profesoar\u0103 de educa\u021bie muzical\u0103, a oferit spectacole originale, de zile mari, care au \u00eenduio\u0219at publicul format din p\u0103rin\u021bi, bunici \u0219i colegi.<\/p>\n<p>Copiii au recitat, au c\u00e2ntat, au jucat \u00een diverse scenete tematice hazlii, umpl\u00e2nd v\u0103zduhul cu ritmuri duioase de colinde, cu clinchete de clopo\u021bei, cu pocnituri de harapnice, cu beh\u0103it de capre, cu tot ce veste\u0219te marea minune \u00eent\u00e2mplat\u0103 acum mai bine de dou\u0103 milenii \u2013 na\u0219terea lui Iisus.<\/p>\n<p>Serb\u0103rile au emanat magie, culoare, lumin\u0103 \u0219i clipe de neuitat \u00een preajma Sfintelor S\u0103rb\u0103tori de Cr\u0103ciun, demonstr\u00e2nd c\u0103 fiecare copil, tratat cu dragoste \u0219i aten\u021bie, poate deveni un \u00eenzestrat declamator, un ne\u00eentrecut c\u00e2nt\u0103re\u021b, un talentat dansator sau un veritabil actor.<\/p>\n<p>Bravo, dragi elevi! A\u021bi fost minuna\u021bi! Merita\u021bi din plin bucuriile vacan\u021bei de iarn\u0103!<\/p>\n<p style=\"text-align: center;\">Felicit\u0103ri tuturor celor care i-au \u00eensufle\u021bit pe copii \u0219i au creat \u00eempreun\u0103 aceast\u0103 atmosfer\u0103 feeric\u0103 \u00een preajma Sfintei S\u0103rb\u0103tori de Na\u0219terea Domnului. S\u0103 V\u0103 fie de bine!<img decoding=\"async\" class=\"alignnone wp-image-9272 size-fusion-600\" src=\"https:\/\/www.liceulprometeuprotalent.md\/wp-content\/uploads\/2025\/12\/20251218_100747-600x270.jpg\" alt=\"\" width=\"600\" height=\"270\" srcset=\"https:\/\/www.liceulprometeuprotalent.md\/wp-content\/uploads\/2025\/12\/20251218_100747-200x90.jpg 200w, https:\/\/www.liceulprometeuprotalent.md\/wp-content\/uploads\/2025\/12\/20251218_100747-300x135.jpg 300w, https:\/\/www.liceulprometeuprotalent.md\/wp-content\/uploads\/2025\/12\/20251218_100747-400x180.jpg 400w, https:\/\/www.liceulprometeuprotalent.md\/wp-content\/uploads\/2025\/12\/20251218_100747-600x270.jpg 600w, https:\/\/www.liceulprometeuprotalent.md\/wp-content\/uploads\/2025\/12\/20251218_100747-768x346.jpg 768w, https:\/\/www.liceulprometeuprotalent.md\/wp-content\/uploads\/2025\/12\/20251218_100747-800x360.jpg 800w, https:\/\/www.liceulprometeuprotalent.md\/wp-content\/uploads\/2025\/12\/20251218_100747-1024x461.jpg 1024w, https:\/\/www.liceulprometeuprotalent.md\/wp-content\/uploads\/2025\/12\/20251218_100747-1200x540.jpg 1200w, https:\/\/www.liceulprometeuprotalent.md\/wp-content\/uploads\/2025\/12\/20251218_100747-1536x691.jpg 1536w\" sizes=\"(max-width: 600px) 100vw, 600px\" \/> <img decoding=\"async\" class=\"alignnone wp-image-9273 size-fusion-600\" src=\"https:\/\/www.liceulprometeuprotalent.md\/wp-content\/uploads\/2025\/12\/20251219_090019-600x270.jpg\" alt=\"\" width=\"600\" height=\"270\" srcset=\"https:\/\/www.liceulprometeuprotalent.md\/wp-content\/uploads\/2025\/12\/20251219_090019-200x90.jpg 200w, https:\/\/www.liceulprometeuprotalent.md\/wp-content\/uploads\/2025\/12\/20251219_090019-300x135.jpg 300w, https:\/\/www.liceulprometeuprotalent.md\/wp-content\/uploads\/2025\/12\/20251219_090019-400x180.jpg 400w, https:\/\/www.liceulprometeuprotalent.md\/wp-content\/uploads\/2025\/12\/20251219_090019-600x270.jpg 600w, https:\/\/www.liceulprometeuprotalent.md\/wp-content\/uploads\/2025\/12\/20251219_090019-768x346.jpg 768w, https:\/\/www.liceulprometeuprotalent.md\/wp-content\/uploads\/2025\/12\/20251219_090019-800x360.jpg 800w, https:\/\/www.liceulprometeuprotalent.md\/wp-content\/uploads\/2025\/12\/20251219_090019-1024x461.jpg 1024w, https:\/\/www.liceulprometeuprotalent.md\/wp-content\/uploads\/2025\/12\/20251219_090019-1200x540.jpg 1200w, https:\/\/www.liceulprometeuprotalent.md\/wp-content\/uploads\/2025\/12\/20251219_090019-1536x691.jpg 1536w\" sizes=\"(max-width: 600px) 100vw, 600px\" \/><\/p>\n<p style=\"text-align: center;\"><img decoding=\"async\" class=\"alignnone wp-image-9274 size-fusion-600\" src=\"https:\/\/www.liceulprometeuprotalent.md\/wp-content\/uploads\/2025\/12\/20251219_115908-600x270.jpg\" alt=\"\" width=\"600\" height=\"270\" srcset=\"https:\/\/www.liceulprometeuprotalent.md\/wp-content\/uploads\/2025\/12\/20251219_115908-200x90.jpg 200w, https:\/\/www.liceulprometeuprotalent.md\/wp-content\/uploads\/2025\/12\/20251219_115908-300x135.jpg 300w, https:\/\/www.liceulprometeuprotalent.md\/wp-content\/uploads\/2025\/12\/20251219_115908-400x180.jpg 400w, https:\/\/www.liceulprometeuprotalent.md\/wp-content\/uploads\/2025\/12\/20251219_115908-600x270.jpg 600w, https:\/\/www.liceulprometeuprotalent.md\/wp-content\/uploads\/2025\/12\/20251219_115908-768x346.jpg 768w, https:\/\/www.liceulprometeuprotalent.md\/wp-content\/uploads\/2025\/12\/20251219_115908-800x360.jpg 800w, https:\/\/www.liceulprometeuprotalent.md\/wp-content\/uploads\/2025\/12\/20251219_115908-1024x461.jpg 1024w, https:\/\/www.liceulprometeuprotalent.md\/wp-content\/uploads\/2025\/12\/20251219_115908-1200x540.jpg 1200w, https:\/\/www.liceulprometeuprotalent.md\/wp-content\/uploads\/2025\/12\/20251219_115908-1536x691.jpg 1536w\" sizes=\"(max-width: 600px) 100vw, 600px\" \/> <img decoding=\"async\" class=\"alignnone wp-image-9275 size-fusion-600\" src=\"https:\/\/www.liceulprometeuprotalent.md\/wp-content\/uploads\/2025\/12\/20251222_100211-600x270.jpg\" alt=\"\" width=\"600\" height=\"270\" srcset=\"https:\/\/www.liceulprometeuprotalent.md\/wp-content\/uploads\/2025\/12\/20251222_100211-200x90.jpg 200w, https:\/\/www.liceulprometeuprotalent.md\/wp-content\/uploads\/2025\/12\/20251222_100211-300x135.jpg 300w, https:\/\/www.liceulprometeuprotalent.md\/wp-content\/uploads\/2025\/12\/20251222_100211-400x180.jpg 400w, https:\/\/www.liceulprometeuprotalent.md\/wp-content\/uploads\/2025\/12\/20251222_100211-600x270.jpg 600w, https:\/\/www.liceulprometeuprotalent.md\/wp-content\/uploads\/2025\/12\/20251222_100211-768x346.jpg 768w, https:\/\/www.liceulprometeuprotalent.md\/wp-content\/uploads\/2025\/12\/20251222_100211-800x360.jpg 800w, https:\/\/www.liceulprometeuprotalent.md\/wp-content\/uploads\/2025\/12\/20251222_100211-1024x461.jpg 1024w, https:\/\/www.liceulprometeuprotalent.md\/wp-content\/uploads\/2025\/12\/20251222_100211-1200x540.jpg 1200w, https:\/\/www.liceulprometeuprotalent.md\/wp-content\/uploads\/2025\/12\/20251222_100211-1536x691.jpg 1536w\" sizes=\"(max-width: 600px) 100vw, 600px\" \/><\/p>\n<p><img decoding=\"async\" class=\"aligncenter wp-image-9276 size-fusion-800\" src=\"https:\/\/www.liceulprometeuprotalent.md\/wp-content\/uploads\/2025\/12\/viber_image_2025-12-23_19-24-32-167-800x450.jpg\" alt=\"\" width=\"800\" height=\"450\" srcset=\"https:\/\/www.liceulprometeuprotalent.md\/wp-content\/uploads\/2025\/12\/viber_image_2025-12-23_19-24-32-167-200x113.jpg 200w, https:\/\/www.liceulprometeuprotalent.md\/wp-content\/uploads\/2025\/12\/viber_image_2025-12-23_19-24-32-167-300x169.jpg 300w, https:\/\/www.liceulprometeuprotalent.md\/wp-content\/uploads\/2025\/12\/viber_image_2025-12-23_19-24-32-167-400x225.jpg 400w, https:\/\/www.liceulprometeuprotalent.md\/wp-content\/uploads\/2025\/12\/viber_image_2025-12-23_19-24-32-167-600x338.jpg 600w, https:\/\/www.liceulprometeuprotalent.md\/wp-content\/uploads\/2025\/12\/viber_image_2025-12-23_19-24-32-167-768x432.jpg 768w, https:\/\/www.liceulprometeuprotalent.md\/wp-content\/uploads\/2025\/12\/viber_image_2025-12-23_19-24-32-167-800x450.jpg 800w, https:\/\/www.liceulprometeuprotalent.md\/wp-content\/uploads\/2025\/12\/viber_image_2025-12-23_19-24-32-167-1024x576.jpg 1024w, https:\/\/www.liceulprometeuprotalent.md\/wp-content\/uploads\/2025\/12\/viber_image_2025-12-23_19-24-32-167-1200x675.jpg 1200w, https:\/\/www.liceulprometeuprotalent.md\/wp-content\/uploads\/2025\/12\/viber_image_2025-12-23_19-24-32-167-1536x864.jpg 1536w, https:\/\/www.liceulprometeuprotalent.md\/wp-content\/uploads\/2025\/12\/viber_image_2025-12-23_19-24-32-167.jpg 1600w\" sizes=\"(max-width: 800px) 100vw, 800px\" \/><\/p>\n","protected":false},"excerpt":{"rendered":"<p>Ca la orice sf\u00e2r\u0219it de an, la Liceul de Creativitate \u0219i Inventic\u0103 \u201ePrometeu-Protalent\u201d zilele din preajma Cr\u0103ciunului au purtat un farmec aparte. Elevii clasei preg\u0103titoare \u0219i ai claselor \u00eent\u00e2i au \u021binut s\u0103 ne spun\u0103 primii, prin colinde, plugu\u0219oare \u0219i sorcove, c\u0103 anul 2025 pleac\u0103 \u00een istorie \u0219i vine anul nou \u2013 2026. Fiecare clas\u0103, ghidat\u0103 [&hellip;]<\/p>\n","protected":false},"author":1,"featured_media":0,"comment_status":"open","ping_status":"open","sticky":false,"template":"","format":"standard","meta":{"_price":"","_stock":"","_tribe_ticket_header":"","_tribe_default_ticket_provider":"","_tribe_ticket_capacity":"0","_ticket_start_date":"","_ticket_end_date":"","_tribe_ticket_show_description":"","_tribe_ticket_show_not_going":false,"_tribe_ticket_use_global_stock":"","_tribe_ticket_global_stock_level":"","_global_stock_mode":"","_global_stock_cap":"","_tribe_rsvp_for_event":"","_tribe_ticket_going_count":"","_tribe_ticket_not_going_count":"","_tribe_tickets_list":"[]","_tribe_ticket_has_attendee_info_fields":false,"footnotes":""},"categories":[89,80,1],"tags":[],"class_list":["post-9271","post","type-post","status-publish","format-standard","hentry","category-blog","category-toate-categoriile","category-uncategorized"],"_links":{"self":[{"href":"https:\/\/www.liceulprometeuprotalent.md\/index.php?rest_route=\/wp\/v2\/posts\/9271","targetHints":{"allow":["GET"]}}],"collection":[{"href":"https:\/\/www.liceulprometeuprotalent.md\/index.php?rest_route=\/wp\/v2\/posts"}],"about":[{"href":"https:\/\/www.liceulprometeuprotalent.md\/index.php?rest_route=\/wp\/v2\/types\/post"}],"author":[{"embeddable":true,"href":"https:\/\/www.liceulprometeuprotalent.md\/index.php?rest_route=\/wp\/v2\/users\/1"}],"replies":[{"embeddable":true,"href":"https:\/\/www.liceulprometeuprotalent.md\/index.php?rest_route=%2Fwp%2Fv2%2Fcomments&post=9271"}],"version-history":[{"count":1,"href":"https:\/\/www.liceulprometeuprotalent.md\/index.php?rest_route=\/wp\/v2\/posts\/9271\/revisions"}],"predecessor-version":[{"id":9277,"href":"https:\/\/www.liceulprometeuprotalent.md\/index.php?rest_route=\/wp\/v2\/posts\/9271\/revisions\/9277"}],"wp:attachment":[{"href":"https:\/\/www.liceulprometeuprotalent.md\/index.php?rest_route=%2Fwp%2Fv2%2Fmedia&parent=9271"}],"wp:term":[{"taxonomy":"category","embeddable":true,"href":"https:\/\/www.liceulprometeuprotalent.md\/index.php?rest_route=%2Fwp%2Fv2%2Fcategories&post=9271"},{"taxonomy":"post_tag","embeddable":true,"href":"https:\/\/www.liceulprometeuprotalent.md\/index.php?rest_route=%2Fwp%2Fv2%2Ftags&post=9271"}],"curies":[{"name":"wp","href":"https:\/\/api.w.org\/{rel}","templated":true}]}}