{"id":9309,"date":"2026-01-27T08:41:53","date_gmt":"2026-01-27T08:41:53","guid":{"rendered":"https:\/\/www.liceulprometeuprotalent.md\/?p=9309"},"modified":"2026-01-27T08:41:53","modified_gmt":"2026-01-27T08:41:53","slug":"o-minunata-reintalnire-cu-anii-si-creatia-lui-iulian-filip","status":"publish","type":"post","link":"https:\/\/www.liceulprometeuprotalent.md\/?p=9309","title":{"rendered":"O minunat\u0103 re\u00eent\u00e2lnire cu anii \u0219i crea\u021bia lui Iulian Filip"},"content":{"rendered":"<p>Ca la fiecare zi de na\u0219tere, poetul, scriitorul, dramaturgul \u0219i folcloristul Iulian Filip \u00ee\u0219i c\u00e2nt\u0103\/leag\u0103n\u0103 anii \u00een \u201epoezii de dragoste \u0219i de durere din dragoste ori din lips\u0103 de dragoste\u201d. A f\u0103cut-o \u0219i de aceast\u0103 dat\u0103, adun\u00e2nd sub coper\u021bi 78 de astfel de poezii, dedic\u00e2nd fiec\u0103rui an tr\u0103it sub soare c\u00e2te un poem. \u0218i-a numit noua carte \u201eCr\u00e2ng de inimi\u201d (Chi\u0219in\u0103u, 2026) \u0219i a ales s\u0103 le \u00eemp\u0103rt\u0103\u0219easc\u0103 cu cititorii fideli ai domniei sale \u2013 elevii Liceului de Creativitate \u0219i Inventic\u0103 \u201ePrometeu-Protalent\u201d, care, ne-am convins de acest fapt, urm\u0103resc apari\u021biile editoriale ale poetului \u0219i nu preget\u0103 a-l invita la o nou\u0103 \u00eent\u00e2lnire ca s\u0103 respire \u00eempreun\u0103 parfumul delicat al poeziei iuliene.<\/p>\n<p>Cartea mai era \u00een drum de la tipografie, dar elevii savurau deja emo\u021bia reg\u0103sirii \u00een paginile ei a eseurilor semnate de colegele Daniela\u2013Nicoleta Dobzeu, Dumitri\u021ba Dr\u0103nicer din clasa a IX-a \u201eA\u201d \u0219i de Anastasia \u0218aptefra\u021b din clasa a VIII-a \u201eD\u201d, discipolele doamnei profesoare Natalia Rusica, care are deja experien\u021ba fascinant\u0103 a cre\u0103rii c\u0103r\u021bilor de c\u0103tre elevi (volumul \u201eOameni de succes. C\u0103r\u021bi de succes\u201d \u2013 interviuri realizate de elevi, av\u00e2nd ca protagoni\u0219ti vesti\u021bi oameni de litere, printre care \u0219i invitatul re\u00eent\u00e2lnirii din 23 ianuarie 2026 \u2013 poetul Iulian Filip).<\/p>\n<p>Dup\u0103 lecturarea eseurilor \u00een fa\u021ba colegilor, poetul a fost \u00eentrebat de c\u0103tre moderatorii evenimentului R\u0103zvan Medvi\u021bchi, Jasmin Buga, Petru Bodarev \u0219i \u0218tefan Gospodaru, care i-au f\u0103cut o prezentare succint\u0103, dar complex\u0103, dac\u0103 autoarele au p\u0103truns \u00een \u201epartea miezoas\u0103\u201d a poeziei dumisale. Iar r\u0103spunsul a fost tot cu poezie de dragoste din cele 78 de poeme, at\u00e2tea c\u00e2\u021bi ani \u00eempline\u0219te ast\u0103zi (27 ianuarie 2026) poetul: \u201eCer \u00eenstelat de diminea\u021b\u0103.\/ Un drum gr\u0103bit, cu noaptea \u00een cap \u2013\/ s\u0103 m\u0103-nt\u00e2lnesc c-un pui de via\u021b\u0103\/ o or\u0103-n care at\u00e2tea \u00eencap.\u201d \u201eC\u00e2nd a fost s\u0103 vin\u0103-odat\u0103\/ noaptea \u0219i la alde noi,\/ toat\u0103 lumea eram doi \u2013\/ un b\u0103iat \u0219i \u00eenc\u0103-o fat\u0103\u201d, \u201eLa 9000 de metri \u00een\u0103l\u021bime\/ sf\u00e2\u0219ietor mi-i dor s\u0103 fiu cu tine&#8230;\/ \u0218i nu c\u0103 nu-ar mai fi \u0219i alte rime,\/ dar\u2026 dorul meu de tine-n cer m\u0103 \u021bine. \/\u0218i nu mai \u0219tiu la care \u00een\u0103l\u021bime\u2026\u201d<\/p>\n<p>Subliniem c\u0103 re\u00eent\u00e2lnirea emo\u021bionant\u0103 cu poezia poetului Iulian Filip la ceas aniversar a fost ghidat\u0103 \u0219i realizat\u0103 de doamna Natalia Rusica, profesoar\u0103 de limba \u0219i literatura rom\u00e2n\u0103, grad didactic superior, doamna Tatiana Melnic, profesoar\u0103 de limba \u0219i literatura rom\u00e2n\u0103, grad didactic superior, \u0219efa Comisiei metodice \u0218tiin\u021be socioumanistice, doamna Angela Lungu, profesoar\u0103 de limba \u0219i literatura rom\u00e2n\u0103, grad didactic superior, director adjunct pentru instruire, treapta gimnazial\u0103 \u0219i liceal\u0103, doamna Zinaida V\u00eerlan, profesoar\u0103 de limba francez\u0103, grad didactic superior, director al Liceului \u201ePrometeu-Protalent\u201d.<\/p>\n<p>La mul\u021bi \u0219i ferici\u021bi ani, dle Iulian Filip! A\u0219tept\u0103m ca poemele dedicate anilor Dumneavoastr\u0103 de via\u021b\u0103 s\u0103 se \u00eenmul\u021beasc\u0103 \u0219i s\u0103 fie pline de dragoste, sentiment care s\u0103 se reverse continuu \u00een inimile cititorilor!<\/p>\n<div id=\"attachment_9310\" style=\"width: 2570px\" class=\"wp-caption alignnone\"><img decoding=\"async\" aria-describedby=\"caption-attachment-9310\" class=\"size-full wp-image-9310\" src=\"https:\/\/www.liceulprometeuprotalent.md\/wp-content\/uploads\/2026\/01\/IMG20260123120227-scaled.jpg\" alt=\"\" width=\"2560\" height=\"1928\" srcset=\"https:\/\/www.liceulprometeuprotalent.md\/wp-content\/uploads\/2026\/01\/IMG20260123120227-200x151.jpg 200w, https:\/\/www.liceulprometeuprotalent.md\/wp-content\/uploads\/2026\/01\/IMG20260123120227-300x226.jpg 300w, https:\/\/www.liceulprometeuprotalent.md\/wp-content\/uploads\/2026\/01\/IMG20260123120227-400x301.jpg 400w, https:\/\/www.liceulprometeuprotalent.md\/wp-content\/uploads\/2026\/01\/IMG20260123120227-600x452.jpg 600w, https:\/\/www.liceulprometeuprotalent.md\/wp-content\/uploads\/2026\/01\/IMG20260123120227-768x578.jpg 768w, https:\/\/www.liceulprometeuprotalent.md\/wp-content\/uploads\/2026\/01\/IMG20260123120227-800x602.jpg 800w, https:\/\/www.liceulprometeuprotalent.md\/wp-content\/uploads\/2026\/01\/IMG20260123120227-1024x771.jpg 1024w, https:\/\/www.liceulprometeuprotalent.md\/wp-content\/uploads\/2026\/01\/IMG20260123120227-1200x904.jpg 1200w, https:\/\/www.liceulprometeuprotalent.md\/wp-content\/uploads\/2026\/01\/IMG20260123120227-1536x1157.jpg 1536w, https:\/\/www.liceulprometeuprotalent.md\/wp-content\/uploads\/2026\/01\/IMG20260123120227-scaled.jpg 2560w\" sizes=\"(max-width: 2560px) 100vw, 2560px\" \/><p id=\"caption-attachment-9310\" class=\"wp-caption-text\">oplus_0<\/p><\/div>\n<div id=\"attachment_9311\" style=\"width: 2570px\" class=\"wp-caption alignnone\"><img decoding=\"async\" aria-describedby=\"caption-attachment-9311\" class=\"size-full wp-image-9311\" src=\"https:\/\/www.liceulprometeuprotalent.md\/wp-content\/uploads\/2026\/01\/IMG20260123125200-scaled.jpg\" alt=\"\" width=\"2560\" height=\"1928\" srcset=\"https:\/\/www.liceulprometeuprotalent.md\/wp-content\/uploads\/2026\/01\/IMG20260123125200-200x151.jpg 200w, https:\/\/www.liceulprometeuprotalent.md\/wp-content\/uploads\/2026\/01\/IMG20260123125200-300x226.jpg 300w, https:\/\/www.liceulprometeuprotalent.md\/wp-content\/uploads\/2026\/01\/IMG20260123125200-400x301.jpg 400w, https:\/\/www.liceulprometeuprotalent.md\/wp-content\/uploads\/2026\/01\/IMG20260123125200-600x452.jpg 600w, https:\/\/www.liceulprometeuprotalent.md\/wp-content\/uploads\/2026\/01\/IMG20260123125200-768x578.jpg 768w, https:\/\/www.liceulprometeuprotalent.md\/wp-content\/uploads\/2026\/01\/IMG20260123125200-800x602.jpg 800w, https:\/\/www.liceulprometeuprotalent.md\/wp-content\/uploads\/2026\/01\/IMG20260123125200-1024x771.jpg 1024w, https:\/\/www.liceulprometeuprotalent.md\/wp-content\/uploads\/2026\/01\/IMG20260123125200-1200x904.jpg 1200w, https:\/\/www.liceulprometeuprotalent.md\/wp-content\/uploads\/2026\/01\/IMG20260123125200-1536x1157.jpg 1536w, https:\/\/www.liceulprometeuprotalent.md\/wp-content\/uploads\/2026\/01\/IMG20260123125200-scaled.jpg 2560w\" sizes=\"(max-width: 2560px) 100vw, 2560px\" \/><p id=\"caption-attachment-9311\" class=\"wp-caption-text\">oplus_0<\/p><\/div>\n<div id=\"attachment_9312\" style=\"width: 2570px\" class=\"wp-caption alignnone\"><img decoding=\"async\" aria-describedby=\"caption-attachment-9312\" class=\"size-full wp-image-9312\" src=\"https:\/\/www.liceulprometeuprotalent.md\/wp-content\/uploads\/2026\/01\/IMG20260123125323-scaled.jpg\" alt=\"\" width=\"2560\" height=\"1928\" srcset=\"https:\/\/www.liceulprometeuprotalent.md\/wp-content\/uploads\/2026\/01\/IMG20260123125323-200x151.jpg 200w, https:\/\/www.liceulprometeuprotalent.md\/wp-content\/uploads\/2026\/01\/IMG20260123125323-300x226.jpg 300w, https:\/\/www.liceulprometeuprotalent.md\/wp-content\/uploads\/2026\/01\/IMG20260123125323-400x301.jpg 400w, https:\/\/www.liceulprometeuprotalent.md\/wp-content\/uploads\/2026\/01\/IMG20260123125323-600x452.jpg 600w, https:\/\/www.liceulprometeuprotalent.md\/wp-content\/uploads\/2026\/01\/IMG20260123125323-768x578.jpg 768w, https:\/\/www.liceulprometeuprotalent.md\/wp-content\/uploads\/2026\/01\/IMG20260123125323-800x602.jpg 800w, https:\/\/www.liceulprometeuprotalent.md\/wp-content\/uploads\/2026\/01\/IMG20260123125323-1024x771.jpg 1024w, https:\/\/www.liceulprometeuprotalent.md\/wp-content\/uploads\/2026\/01\/IMG20260123125323-1200x904.jpg 1200w, https:\/\/www.liceulprometeuprotalent.md\/wp-content\/uploads\/2026\/01\/IMG20260123125323-1536x1157.jpg 1536w, https:\/\/www.liceulprometeuprotalent.md\/wp-content\/uploads\/2026\/01\/IMG20260123125323-scaled.jpg 2560w\" sizes=\"(max-width: 2560px) 100vw, 2560px\" \/><p id=\"caption-attachment-9312\" class=\"wp-caption-text\">oplus_0<\/p><\/div>\n<div id=\"attachment_9313\" style=\"width: 2570px\" class=\"wp-caption alignnone\"><img decoding=\"async\" aria-describedby=\"caption-attachment-9313\" class=\"size-full wp-image-9313\" src=\"https:\/\/www.liceulprometeuprotalent.md\/wp-content\/uploads\/2026\/01\/IMG20260123125451-scaled.jpg\" alt=\"\" width=\"2560\" height=\"1928\" srcset=\"https:\/\/www.liceulprometeuprotalent.md\/wp-content\/uploads\/2026\/01\/IMG20260123125451-200x151.jpg 200w, https:\/\/www.liceulprometeuprotalent.md\/wp-content\/uploads\/2026\/01\/IMG20260123125451-300x226.jpg 300w, https:\/\/www.liceulprometeuprotalent.md\/wp-content\/uploads\/2026\/01\/IMG20260123125451-400x301.jpg 400w, https:\/\/www.liceulprometeuprotalent.md\/wp-content\/uploads\/2026\/01\/IMG20260123125451-600x452.jpg 600w, https:\/\/www.liceulprometeuprotalent.md\/wp-content\/uploads\/2026\/01\/IMG20260123125451-768x578.jpg 768w, https:\/\/www.liceulprometeuprotalent.md\/wp-content\/uploads\/2026\/01\/IMG20260123125451-800x602.jpg 800w, https:\/\/www.liceulprometeuprotalent.md\/wp-content\/uploads\/2026\/01\/IMG20260123125451-1024x771.jpg 1024w, https:\/\/www.liceulprometeuprotalent.md\/wp-content\/uploads\/2026\/01\/IMG20260123125451-1200x904.jpg 1200w, https:\/\/www.liceulprometeuprotalent.md\/wp-content\/uploads\/2026\/01\/IMG20260123125451-1536x1157.jpg 1536w, https:\/\/www.liceulprometeuprotalent.md\/wp-content\/uploads\/2026\/01\/IMG20260123125451-scaled.jpg 2560w\" sizes=\"(max-width: 2560px) 100vw, 2560px\" \/><p id=\"caption-attachment-9313\" class=\"wp-caption-text\">oplus_0<\/p><\/div>\n<div id=\"attachment_9314\" style=\"width: 2570px\" class=\"wp-caption alignnone\"><img decoding=\"async\" aria-describedby=\"caption-attachment-9314\" class=\"size-full wp-image-9314\" src=\"https:\/\/www.liceulprometeuprotalent.md\/wp-content\/uploads\/2026\/01\/IMG20260123125856-scaled.jpg\" alt=\"\" width=\"2560\" height=\"1928\" srcset=\"https:\/\/www.liceulprometeuprotalent.md\/wp-content\/uploads\/2026\/01\/IMG20260123125856-200x151.jpg 200w, https:\/\/www.liceulprometeuprotalent.md\/wp-content\/uploads\/2026\/01\/IMG20260123125856-300x226.jpg 300w, https:\/\/www.liceulprometeuprotalent.md\/wp-content\/uploads\/2026\/01\/IMG20260123125856-400x301.jpg 400w, https:\/\/www.liceulprometeuprotalent.md\/wp-content\/uploads\/2026\/01\/IMG20260123125856-600x452.jpg 600w, https:\/\/www.liceulprometeuprotalent.md\/wp-content\/uploads\/2026\/01\/IMG20260123125856-768x578.jpg 768w, https:\/\/www.liceulprometeuprotalent.md\/wp-content\/uploads\/2026\/01\/IMG20260123125856-800x602.jpg 800w, https:\/\/www.liceulprometeuprotalent.md\/wp-content\/uploads\/2026\/01\/IMG20260123125856-1024x771.jpg 1024w, https:\/\/www.liceulprometeuprotalent.md\/wp-content\/uploads\/2026\/01\/IMG20260123125856-1200x904.jpg 1200w, https:\/\/www.liceulprometeuprotalent.md\/wp-content\/uploads\/2026\/01\/IMG20260123125856-1536x1157.jpg 1536w, https:\/\/www.liceulprometeuprotalent.md\/wp-content\/uploads\/2026\/01\/IMG20260123125856-scaled.jpg 2560w\" sizes=\"(max-width: 2560px) 100vw, 2560px\" \/><p id=\"caption-attachment-9314\" class=\"wp-caption-text\">oplus_0<\/p><\/div>\n","protected":false},"excerpt":{"rendered":"<p>Ca la fiecare zi de na\u0219tere, poetul, scriitorul, dramaturgul \u0219i folcloristul Iulian Filip \u00ee\u0219i c\u00e2nt\u0103\/leag\u0103n\u0103 anii \u00een \u201epoezii de dragoste \u0219i de durere din dragoste ori din lips\u0103 de dragoste\u201d. A f\u0103cut-o \u0219i de aceast\u0103 dat\u0103, adun\u00e2nd sub coper\u021bi 78 de astfel de poezii, dedic\u00e2nd fiec\u0103rui an tr\u0103it sub soare c\u00e2te un poem. \u0218i-a numit [&hellip;]<\/p>\n","protected":false},"author":1,"featured_media":9313,"comment_status":"open","ping_status":"open","sticky":false,"template":"","format":"standard","meta":{"_price":"","_stock":"","_tribe_ticket_header":"","_tribe_default_ticket_provider":"","_tribe_ticket_capacity":"0","_ticket_start_date":"","_ticket_end_date":"","_tribe_ticket_show_description":"","_tribe_ticket_show_not_going":false,"_tribe_ticket_use_global_stock":"","_tribe_ticket_global_stock_level":"","_global_stock_mode":"","_global_stock_cap":"","_tribe_rsvp_for_event":"","_tribe_ticket_going_count":"","_tribe_ticket_not_going_count":"","_tribe_tickets_list":"[]","_tribe_ticket_has_attendee_info_fields":false,"footnotes":""},"categories":[89,80,1],"tags":[],"class_list":["post-9309","post","type-post","status-publish","format-standard","has-post-thumbnail","hentry","category-blog","category-toate-categoriile","category-uncategorized"],"_links":{"self":[{"href":"https:\/\/www.liceulprometeuprotalent.md\/index.php?rest_route=\/wp\/v2\/posts\/9309","targetHints":{"allow":["GET"]}}],"collection":[{"href":"https:\/\/www.liceulprometeuprotalent.md\/index.php?rest_route=\/wp\/v2\/posts"}],"about":[{"href":"https:\/\/www.liceulprometeuprotalent.md\/index.php?rest_route=\/wp\/v2\/types\/post"}],"author":[{"embeddable":true,"href":"https:\/\/www.liceulprometeuprotalent.md\/index.php?rest_route=\/wp\/v2\/users\/1"}],"replies":[{"embeddable":true,"href":"https:\/\/www.liceulprometeuprotalent.md\/index.php?rest_route=%2Fwp%2Fv2%2Fcomments&post=9309"}],"version-history":[{"count":1,"href":"https:\/\/www.liceulprometeuprotalent.md\/index.php?rest_route=\/wp\/v2\/posts\/9309\/revisions"}],"predecessor-version":[{"id":9315,"href":"https:\/\/www.liceulprometeuprotalent.md\/index.php?rest_route=\/wp\/v2\/posts\/9309\/revisions\/9315"}],"wp:featuredmedia":[{"embeddable":true,"href":"https:\/\/www.liceulprometeuprotalent.md\/index.php?rest_route=\/wp\/v2\/media\/9313"}],"wp:attachment":[{"href":"https:\/\/www.liceulprometeuprotalent.md\/index.php?rest_route=%2Fwp%2Fv2%2Fmedia&parent=9309"}],"wp:term":[{"taxonomy":"category","embeddable":true,"href":"https:\/\/www.liceulprometeuprotalent.md\/index.php?rest_route=%2Fwp%2Fv2%2Fcategories&post=9309"},{"taxonomy":"post_tag","embeddable":true,"href":"https:\/\/www.liceulprometeuprotalent.md\/index.php?rest_route=%2Fwp%2Fv2%2Ftags&post=9309"}],"curies":[{"name":"wp","href":"https:\/\/api.w.org\/{rel}","templated":true}]}}