{"id":9330,"date":"2026-02-04T14:51:28","date_gmt":"2026-02-04T14:51:28","guid":{"rendered":"https:\/\/www.liceulprometeuprotalent.md\/?p=9330"},"modified":"2026-02-11T14:53:28","modified_gmt":"2026-02-11T14:53:28","slug":"ziua-internationala-a-cititului-impreuna","status":"publish","type":"post","link":"https:\/\/www.liceulprometeuprotalent.md\/?p=9330","title":{"rendered":"Ziua Interna\u021bional\u0103 a Cititului \u00cempreun\u0103"},"content":{"rendered":"<p>De Ziua Interna\u021bional\u0103 a Cititului \u00cempreun\u0103 (4 februarie 2025), la Liceul de Creativitate \u0219i Inventic\u0103 \u201ePrometeu-Protalent\u201d elevii au citit fragmente incitante din c\u0103r\u021bi de fic\u021biune pentru copii, care cultiv\u0103 valorile fundamentale: empatie, onestitate, modestie, curaj, altruism, adev\u0103r etc.<\/p>\n<p>Elevii Evelina Belicesco \u0219i Nicoleta Ciuntu, Romina \u021a\u0103ranu \u0219i Camelia Munteanu din clasa a XII-a \u201eA\u201d, Sergiu Statii \u0219i Matei-Andrei Mardari, Patricia Lupu \u0219i Magdalena Mereacre din clasa a XII-a \u201eB\u201d au mers la elevii claselor I \u0219i le-au citit din colec\u021bia de carte pentru copii \u201e\u021aUP\u201d, au ini\u021biat dialoguri despre importan\u021ba lecturii \u0219i i-au provocat pe cei mici s\u0103 citeasc\u0103 \u0219i alte c\u0103r\u021bi din colec\u021bia respectiv\u0103, dar \u0219i din alte colec\u021bii.<\/p>\n<p>\u00cen final, c\u0103r\u021bile puse \u00een discu\u021bie au fost oferite pentru completarea bibliotecii fiec\u0103rei clase, fiind \u00eenso\u021bite de mesaje de sus\u021binere \u0219i \u00eencurajare pentru o c\u00e2t mai divers\u0103 \u0219i vast\u0103 lectur\u0103.<\/p>\n<p>Drept gest de mul\u021bumire, cititorii mici au oferit cititorilor mari semne de carte confec\u021bionate de ei \u00een\u0219i\u0219i.<\/p>\n<p>Activitatea a fost coordonat\u0103 de doamna Tatiana Melnic, \u0219efa Comisiei metodice Socioumanistice, profesoar\u0103 de limba \u0219i literatura rom\u00e2n\u0103, grad didactic superior \u0219i salutat\u0103 cu mare deschidere de doamnele Iulia Scripnic, director adjunct instruire, \u00eenv\u0103\u021b\u0103toare, grad didactic superior, Dorina Andrei, \u00eenv\u0103\u021b\u0103toare, grad didactic superior, Svetlana Mihaci, \u00eenv\u0103\u021b\u0103toare, grad didactic II, Natalia Veste, \u00eenv\u0103\u021b\u0103toare, grad didactic I.<\/p>\n<p>Men\u021bion\u0103m c\u0103 activit\u0103\u021bi dedicate Zilei Interna\u021bionale a Cititului \u00cempreun\u0103 au avut loc \u00een fiecare clas\u0103 a Liceului \u201ePrometeu-Protalent\u201d.<\/p>\n<p><img decoding=\"async\" class=\"alignnone size-full wp-image-9331\" src=\"https:\/\/www.liceulprometeuprotalent.md\/wp-content\/uploads\/2026\/02\/viber_image_2026-02-04_13-28-44-306.jpg\" alt=\"\" width=\"1600\" height=\"901\" srcset=\"https:\/\/www.liceulprometeuprotalent.md\/wp-content\/uploads\/2026\/02\/viber_image_2026-02-04_13-28-44-306-200x113.jpg 200w, https:\/\/www.liceulprometeuprotalent.md\/wp-content\/uploads\/2026\/02\/viber_image_2026-02-04_13-28-44-306-300x169.jpg 300w, https:\/\/www.liceulprometeuprotalent.md\/wp-content\/uploads\/2026\/02\/viber_image_2026-02-04_13-28-44-306-400x225.jpg 400w, https:\/\/www.liceulprometeuprotalent.md\/wp-content\/uploads\/2026\/02\/viber_image_2026-02-04_13-28-44-306-600x338.jpg 600w, https:\/\/www.liceulprometeuprotalent.md\/wp-content\/uploads\/2026\/02\/viber_image_2026-02-04_13-28-44-306-768x432.jpg 768w, https:\/\/www.liceulprometeuprotalent.md\/wp-content\/uploads\/2026\/02\/viber_image_2026-02-04_13-28-44-306-800x451.jpg 800w, https:\/\/www.liceulprometeuprotalent.md\/wp-content\/uploads\/2026\/02\/viber_image_2026-02-04_13-28-44-306-1024x577.jpg 1024w, https:\/\/www.liceulprometeuprotalent.md\/wp-content\/uploads\/2026\/02\/viber_image_2026-02-04_13-28-44-306-1200x676.jpg 1200w, https:\/\/www.liceulprometeuprotalent.md\/wp-content\/uploads\/2026\/02\/viber_image_2026-02-04_13-28-44-306-1536x865.jpg 1536w, https:\/\/www.liceulprometeuprotalent.md\/wp-content\/uploads\/2026\/02\/viber_image_2026-02-04_13-28-44-306.jpg 1600w\" sizes=\"(max-width: 1600px) 100vw, 1600px\" \/> <img decoding=\"async\" class=\"alignnone size-full wp-image-9332\" src=\"https:\/\/www.liceulprometeuprotalent.md\/wp-content\/uploads\/2026\/02\/viber_image_2026-02-04_13-29-26-345.jpg\" alt=\"\" width=\"1600\" height=\"812\" srcset=\"https:\/\/www.liceulprometeuprotalent.md\/wp-content\/uploads\/2026\/02\/viber_image_2026-02-04_13-29-26-345-200x102.jpg 200w, https:\/\/www.liceulprometeuprotalent.md\/wp-content\/uploads\/2026\/02\/viber_image_2026-02-04_13-29-26-345-300x152.jpg 300w, https:\/\/www.liceulprometeuprotalent.md\/wp-content\/uploads\/2026\/02\/viber_image_2026-02-04_13-29-26-345-400x203.jpg 400w, https:\/\/www.liceulprometeuprotalent.md\/wp-content\/uploads\/2026\/02\/viber_image_2026-02-04_13-29-26-345-600x305.jpg 600w, https:\/\/www.liceulprometeuprotalent.md\/wp-content\/uploads\/2026\/02\/viber_image_2026-02-04_13-29-26-345-768x390.jpg 768w, https:\/\/www.liceulprometeuprotalent.md\/wp-content\/uploads\/2026\/02\/viber_image_2026-02-04_13-29-26-345-800x406.jpg 800w, https:\/\/www.liceulprometeuprotalent.md\/wp-content\/uploads\/2026\/02\/viber_image_2026-02-04_13-29-26-345-1024x520.jpg 1024w, https:\/\/www.liceulprometeuprotalent.md\/wp-content\/uploads\/2026\/02\/viber_image_2026-02-04_13-29-26-345-1200x609.jpg 1200w, https:\/\/www.liceulprometeuprotalent.md\/wp-content\/uploads\/2026\/02\/viber_image_2026-02-04_13-29-26-345-1536x780.jpg 1536w, https:\/\/www.liceulprometeuprotalent.md\/wp-content\/uploads\/2026\/02\/viber_image_2026-02-04_13-29-26-345.jpg 1600w\" sizes=\"(max-width: 1600px) 100vw, 1600px\" \/> <img decoding=\"async\" class=\"alignnone size-full wp-image-9333\" src=\"https:\/\/www.liceulprometeuprotalent.md\/wp-content\/uploads\/2026\/02\/viber_image_2026-02-04_13-41-13-898.jpg\" alt=\"\" width=\"1600\" height=\"1200\" srcset=\"https:\/\/www.liceulprometeuprotalent.md\/wp-content\/uploads\/2026\/02\/viber_image_2026-02-04_13-41-13-898-200x150.jpg 200w, https:\/\/www.liceulprometeuprotalent.md\/wp-content\/uploads\/2026\/02\/viber_image_2026-02-04_13-41-13-898-300x225.jpg 300w, https:\/\/www.liceulprometeuprotalent.md\/wp-content\/uploads\/2026\/02\/viber_image_2026-02-04_13-41-13-898-400x300.jpg 400w, https:\/\/www.liceulprometeuprotalent.md\/wp-content\/uploads\/2026\/02\/viber_image_2026-02-04_13-41-13-898-600x450.jpg 600w, https:\/\/www.liceulprometeuprotalent.md\/wp-content\/uploads\/2026\/02\/viber_image_2026-02-04_13-41-13-898-768x576.jpg 768w, https:\/\/www.liceulprometeuprotalent.md\/wp-content\/uploads\/2026\/02\/viber_image_2026-02-04_13-41-13-898-800x600.jpg 800w, https:\/\/www.liceulprometeuprotalent.md\/wp-content\/uploads\/2026\/02\/viber_image_2026-02-04_13-41-13-898-1024x768.jpg 1024w, https:\/\/www.liceulprometeuprotalent.md\/wp-content\/uploads\/2026\/02\/viber_image_2026-02-04_13-41-13-898-1200x900.jpg 1200w, https:\/\/www.liceulprometeuprotalent.md\/wp-content\/uploads\/2026\/02\/viber_image_2026-02-04_13-41-13-898-1536x1152.jpg 1536w, https:\/\/www.liceulprometeuprotalent.md\/wp-content\/uploads\/2026\/02\/viber_image_2026-02-04_13-41-13-898.jpg 1600w\" sizes=\"(max-width: 1600px) 100vw, 1600px\" \/> <img decoding=\"async\" class=\"alignnone size-full wp-image-9334\" src=\"https:\/\/www.liceulprometeuprotalent.md\/wp-content\/uploads\/2026\/02\/viber_image_2026-02-04_16-18-05-570.jpg\" alt=\"\" width=\"1600\" height=\"1200\" srcset=\"https:\/\/www.liceulprometeuprotalent.md\/wp-content\/uploads\/2026\/02\/viber_image_2026-02-04_16-18-05-570-200x150.jpg 200w, https:\/\/www.liceulprometeuprotalent.md\/wp-content\/uploads\/2026\/02\/viber_image_2026-02-04_16-18-05-570-300x225.jpg 300w, https:\/\/www.liceulprometeuprotalent.md\/wp-content\/uploads\/2026\/02\/viber_image_2026-02-04_16-18-05-570-400x300.jpg 400w, https:\/\/www.liceulprometeuprotalent.md\/wp-content\/uploads\/2026\/02\/viber_image_2026-02-04_16-18-05-570-600x450.jpg 600w, https:\/\/www.liceulprometeuprotalent.md\/wp-content\/uploads\/2026\/02\/viber_image_2026-02-04_16-18-05-570-768x576.jpg 768w, https:\/\/www.liceulprometeuprotalent.md\/wp-content\/uploads\/2026\/02\/viber_image_2026-02-04_16-18-05-570-800x600.jpg 800w, https:\/\/www.liceulprometeuprotalent.md\/wp-content\/uploads\/2026\/02\/viber_image_2026-02-04_16-18-05-570-1024x768.jpg 1024w, https:\/\/www.liceulprometeuprotalent.md\/wp-content\/uploads\/2026\/02\/viber_image_2026-02-04_16-18-05-570-1200x900.jpg 1200w, https:\/\/www.liceulprometeuprotalent.md\/wp-content\/uploads\/2026\/02\/viber_image_2026-02-04_16-18-05-570-1536x1152.jpg 1536w, https:\/\/www.liceulprometeuprotalent.md\/wp-content\/uploads\/2026\/02\/viber_image_2026-02-04_16-18-05-570.jpg 1600w\" sizes=\"(max-width: 1600px) 100vw, 1600px\" \/><\/p>\n<p>&nbsp;<\/p>\n<p>&nbsp;<\/p>\n","protected":false},"excerpt":{"rendered":"<p>De Ziua Interna\u021bional\u0103 a Cititului \u00cempreun\u0103 (4 februarie 2025), la Liceul de Creativitate \u0219i Inventic\u0103 \u201ePrometeu-Protalent\u201d elevii au citit fragmente incitante din c\u0103r\u021bi de fic\u021biune pentru copii, care cultiv\u0103 valorile fundamentale: empatie, onestitate, modestie, curaj, altruism, adev\u0103r etc. Elevii Evelina Belicesco \u0219i Nicoleta Ciuntu, Romina \u021a\u0103ranu \u0219i Camelia Munteanu din clasa a XII-a \u201eA\u201d, Sergiu [&hellip;]<\/p>\n","protected":false},"author":1,"featured_media":9332,"comment_status":"open","ping_status":"open","sticky":false,"template":"","format":"standard","meta":{"_price":"","_stock":"","_tribe_ticket_header":"","_tribe_default_ticket_provider":"","_tribe_ticket_capacity":"0","_ticket_start_date":"","_ticket_end_date":"","_tribe_ticket_show_description":"","_tribe_ticket_show_not_going":false,"_tribe_ticket_use_global_stock":"","_tribe_ticket_global_stock_level":"","_global_stock_mode":"","_global_stock_cap":"","_tribe_rsvp_for_event":"","_tribe_ticket_going_count":"","_tribe_ticket_not_going_count":"","_tribe_tickets_list":"[]","_tribe_ticket_has_attendee_info_fields":false,"footnotes":""},"categories":[89,80,1],"tags":[],"class_list":["post-9330","post","type-post","status-publish","format-standard","has-post-thumbnail","hentry","category-blog","category-toate-categoriile","category-uncategorized"],"_links":{"self":[{"href":"https:\/\/www.liceulprometeuprotalent.md\/index.php?rest_route=\/wp\/v2\/posts\/9330","targetHints":{"allow":["GET"]}}],"collection":[{"href":"https:\/\/www.liceulprometeuprotalent.md\/index.php?rest_route=\/wp\/v2\/posts"}],"about":[{"href":"https:\/\/www.liceulprometeuprotalent.md\/index.php?rest_route=\/wp\/v2\/types\/post"}],"author":[{"embeddable":true,"href":"https:\/\/www.liceulprometeuprotalent.md\/index.php?rest_route=\/wp\/v2\/users\/1"}],"replies":[{"embeddable":true,"href":"https:\/\/www.liceulprometeuprotalent.md\/index.php?rest_route=%2Fwp%2Fv2%2Fcomments&post=9330"}],"version-history":[{"count":1,"href":"https:\/\/www.liceulprometeuprotalent.md\/index.php?rest_route=\/wp\/v2\/posts\/9330\/revisions"}],"predecessor-version":[{"id":9335,"href":"https:\/\/www.liceulprometeuprotalent.md\/index.php?rest_route=\/wp\/v2\/posts\/9330\/revisions\/9335"}],"wp:featuredmedia":[{"embeddable":true,"href":"https:\/\/www.liceulprometeuprotalent.md\/index.php?rest_route=\/wp\/v2\/media\/9332"}],"wp:attachment":[{"href":"https:\/\/www.liceulprometeuprotalent.md\/index.php?rest_route=%2Fwp%2Fv2%2Fmedia&parent=9330"}],"wp:term":[{"taxonomy":"category","embeddable":true,"href":"https:\/\/www.liceulprometeuprotalent.md\/index.php?rest_route=%2Fwp%2Fv2%2Fcategories&post=9330"},{"taxonomy":"post_tag","embeddable":true,"href":"https:\/\/www.liceulprometeuprotalent.md\/index.php?rest_route=%2Fwp%2Fv2%2Ftags&post=9330"}],"curies":[{"name":"wp","href":"https:\/\/api.w.org\/{rel}","templated":true}]}}