{"id":9337,"date":"2026-02-04T14:59:32","date_gmt":"2026-02-04T14:59:32","guid":{"rendered":"https:\/\/www.liceulprometeuprotalent.md\/?p=9337"},"modified":"2026-02-11T15:00:17","modified_gmt":"2026-02-11T15:00:17","slug":"o-intalnire-de-neuitat","status":"publish","type":"post","link":"https:\/\/www.liceulprometeuprotalent.md\/?p=9337","title":{"rendered":"O \u00eent\u00e2lnire de neuitat!"},"content":{"rendered":"<p>Pe data de 4 februarie 2026, doamna Natalia Dubencu, profesoar\u0103 de limba englez\u0103, a oferit elevilor Liceului de Creativitate \u0219i Inventic\u0103 \u201ePrometeu-Protalent\u201d o altfel de lec\u021bie la limba englez\u0103.<\/p>\n<p>Lec\u021bia a avut un obiectiv amplu \u0219i clar: explorarea \u201eModelului danez\u201d de implicare a tinerilor \u0219i a modului \u00een care acesta poate inspira elevii din Republica Moldova s\u0103 participe la via\u021ba civic\u0103 \u0219i la ini\u021biativele legate de UE. Iar cel care a r\u0103spuns cu mult\u0103 bun\u0103voin\u021b\u0103 \u00eentreb\u0103rilor elevilor legate de acest obiectiv a fost Excelen\u021ba Sa, domnul S\u00f8ren Jensen, Ambasadorul Danemarcei \u00een Republica Moldova.<\/p>\n<p>Dup\u0103 ceremonialul de protocol realizat de Consiliul elevilor de la liceu, domnul Ambasador a f\u0103cut o prezentare succint\u0103 despre angajamentele Danemarcei fa\u021b\u0103 de tineret, apoi s-a implicat plenar \u00eentr-un dialog cu elevii prezen\u021bi \u00een sala de \u0219edin\u021be.<\/p>\n<p>Interesul \u0219i curiozitatea elevilor au \u021binut de teme precum: democra\u021bia ca \u201emod de via\u021b\u0103\u201d \u00een Danemarca; prezen\u021ba tinerilor (18 ani) la vot \u00een propor\u021bie de 80%; Danemarca \u2013 actor-cheie \u00een promovarea politicilor climatice \u0219i digitale \u00een UE; voluntariatul \u2013 coloana vertebral\u0103 a societ\u0103\u021bii daneze; Inteligen\u021ba Artificial\u0103 \u0219i re\u021belele de socializare \u00een educa\u021bie \u0219i protejarea tinerilor de dezinformare; integrarea \u00een UE a Republicii Moldova \u0219i \u201ecompeten\u021ba non-tehnic\u0103\u201d care ar trebui dezvoltat\u0103 pentru a fi cet\u0103\u021beni europeni de succes; ac\u021biuni pozitive din Danemarca privind \u201eeco-anxietatea\u201d tinerilor fa\u021b\u0103 de clim\u0103; dezbaterea \u0219i contestarea ideilor de c\u0103tre elevi \u00een sistemul \u0219colar danez; valorile fundamentale ale UE; solidaritate \u0219i cooperare; contribu\u021bia diversit\u0103\u021bii culturale la consolidarea unit\u0103\u021bii europene; interesele na\u021bionale \u0219i obiectivele colective ale UE; nobila profesie de diplomat etc.<\/p>\n<p>La finalul minunatei \u00eent\u00e2lniri, domnul Ambasador a acceptat s\u0103 joace o partid\u0103 de \u0219ah cu eleva clasei a X-a, Raluca-Cristiana Cazacu, multipl\u0103 campioan\u0103 na\u021bional\u0103 \u0219i interna\u021bional\u0103 la \u0219ah, eviden\u021biind \u00een cadrul jocului spiritul de strategie, respect \u0219i \u00een\u021belegere reciproc\u0103.<\/p>\n<p>\u201eA fost o lec\u021bie captivant\u0103 despre diploma\u021bie, opineaz\u0103 doamna profesoar\u0103, Natalia Dubencu. Excelen\u021ba Sa, domnul S\u00f8ren Jensen, ambasadorul Danemarcei \u00een Republica Moldova, a \u00eemp\u0103rt\u0103\u0219it din experien\u021ba sa privind perspectivele actuale \u00een rela\u021biile interna\u021bionale \u0219i rolul dialogului \u00eentre na\u021biuni. Vizita a oferit elevilor o rar\u0103 oportunitate de a \u00eenv\u0103\u021ba direct de la un diplomat practicant \u0219i de a pune \u00eentreb\u0103ri despre cooperare \u0219i bun\u0103 \u00een\u021belegere \u00een \u00eentreaga lume\u201d.<\/p>\n<p>Mul\u021bumim, stimate domnule Ambasador! \u00cent\u00e2lnirea \u0219i dialogul cu Dumneavoastr\u0103 a fost un eveniment de neuitat, important, interesant \u0219i de real folos pentru elevii no\u0219tri.<\/p>\n<p>Mul\u021bumim, stimat\u0103 doamn\u0103 profesoar\u0103 Natalia Dubencu. Ini\u021biativa Dumneavoastr\u0103, ca \u00eentotdeauna, s-a bucurat de succes, apreciere \u0219i simpatie printre elevi!<\/p>\n<p><img decoding=\"async\" class=\"alignnone size-full wp-image-9338\" src=\"https:\/\/www.liceulprometeuprotalent.md\/wp-content\/uploads\/2026\/02\/viber_image_2026-02-05_09-10-38-087.jpg\" alt=\"\" width=\"1205\" height=\"1600\" srcset=\"https:\/\/www.liceulprometeuprotalent.md\/wp-content\/uploads\/2026\/02\/viber_image_2026-02-05_09-10-38-087-200x266.jpg 200w, https:\/\/www.liceulprometeuprotalent.md\/wp-content\/uploads\/2026\/02\/viber_image_2026-02-05_09-10-38-087-226x300.jpg 226w, https:\/\/www.liceulprometeuprotalent.md\/wp-content\/uploads\/2026\/02\/viber_image_2026-02-05_09-10-38-087-400x531.jpg 400w, https:\/\/www.liceulprometeuprotalent.md\/wp-content\/uploads\/2026\/02\/viber_image_2026-02-05_09-10-38-087-600x797.jpg 600w, https:\/\/www.liceulprometeuprotalent.md\/wp-content\/uploads\/2026\/02\/viber_image_2026-02-05_09-10-38-087-768x1020.jpg 768w, https:\/\/www.liceulprometeuprotalent.md\/wp-content\/uploads\/2026\/02\/viber_image_2026-02-05_09-10-38-087-771x1024.jpg 771w, https:\/\/www.liceulprometeuprotalent.md\/wp-content\/uploads\/2026\/02\/viber_image_2026-02-05_09-10-38-087-800x1062.jpg 800w, https:\/\/www.liceulprometeuprotalent.md\/wp-content\/uploads\/2026\/02\/viber_image_2026-02-05_09-10-38-087-1157x1536.jpg 1157w, https:\/\/www.liceulprometeuprotalent.md\/wp-content\/uploads\/2026\/02\/viber_image_2026-02-05_09-10-38-087-1200x1593.jpg 1200w, https:\/\/www.liceulprometeuprotalent.md\/wp-content\/uploads\/2026\/02\/viber_image_2026-02-05_09-10-38-087.jpg 1205w\" sizes=\"(max-width: 1205px) 100vw, 1205px\" \/> <img decoding=\"async\" class=\"alignnone size-full wp-image-9339\" src=\"https:\/\/www.liceulprometeuprotalent.md\/wp-content\/uploads\/2026\/02\/viber_image_2026-02-05_09-10-38-174.jpg\" alt=\"\" width=\"1600\" height=\"1205\" srcset=\"https:\/\/www.liceulprometeuprotalent.md\/wp-content\/uploads\/2026\/02\/viber_image_2026-02-05_09-10-38-174-200x151.jpg 200w, https:\/\/www.liceulprometeuprotalent.md\/wp-content\/uploads\/2026\/02\/viber_image_2026-02-05_09-10-38-174-300x226.jpg 300w, https:\/\/www.liceulprometeuprotalent.md\/wp-content\/uploads\/2026\/02\/viber_image_2026-02-05_09-10-38-174-400x301.jpg 400w, https:\/\/www.liceulprometeuprotalent.md\/wp-content\/uploads\/2026\/02\/viber_image_2026-02-05_09-10-38-174-600x452.jpg 600w, https:\/\/www.liceulprometeuprotalent.md\/wp-content\/uploads\/2026\/02\/viber_image_2026-02-05_09-10-38-174-768x578.jpg 768w, https:\/\/www.liceulprometeuprotalent.md\/wp-content\/uploads\/2026\/02\/viber_image_2026-02-05_09-10-38-174-800x603.jpg 800w, https:\/\/www.liceulprometeuprotalent.md\/wp-content\/uploads\/2026\/02\/viber_image_2026-02-05_09-10-38-174-1024x771.jpg 1024w, https:\/\/www.liceulprometeuprotalent.md\/wp-content\/uploads\/2026\/02\/viber_image_2026-02-05_09-10-38-174-1200x904.jpg 1200w, https:\/\/www.liceulprometeuprotalent.md\/wp-content\/uploads\/2026\/02\/viber_image_2026-02-05_09-10-38-174-1536x1157.jpg 1536w, https:\/\/www.liceulprometeuprotalent.md\/wp-content\/uploads\/2026\/02\/viber_image_2026-02-05_09-10-38-174.jpg 1600w\" sizes=\"(max-width: 1600px) 100vw, 1600px\" \/> <img decoding=\"async\" class=\"alignnone size-full wp-image-9340\" src=\"https:\/\/www.liceulprometeuprotalent.md\/wp-content\/uploads\/2026\/02\/viber_image_2026-02-05_09-10-38-285.jpg\" alt=\"\" width=\"1600\" height=\"1205\" srcset=\"https:\/\/www.liceulprometeuprotalent.md\/wp-content\/uploads\/2026\/02\/viber_image_2026-02-05_09-10-38-285-200x151.jpg 200w, https:\/\/www.liceulprometeuprotalent.md\/wp-content\/uploads\/2026\/02\/viber_image_2026-02-05_09-10-38-285-300x226.jpg 300w, https:\/\/www.liceulprometeuprotalent.md\/wp-content\/uploads\/2026\/02\/viber_image_2026-02-05_09-10-38-285-400x301.jpg 400w, https:\/\/www.liceulprometeuprotalent.md\/wp-content\/uploads\/2026\/02\/viber_image_2026-02-05_09-10-38-285-600x452.jpg 600w, https:\/\/www.liceulprometeuprotalent.md\/wp-content\/uploads\/2026\/02\/viber_image_2026-02-05_09-10-38-285-768x578.jpg 768w, https:\/\/www.liceulprometeuprotalent.md\/wp-content\/uploads\/2026\/02\/viber_image_2026-02-05_09-10-38-285-800x603.jpg 800w, https:\/\/www.liceulprometeuprotalent.md\/wp-content\/uploads\/2026\/02\/viber_image_2026-02-05_09-10-38-285-1024x771.jpg 1024w, https:\/\/www.liceulprometeuprotalent.md\/wp-content\/uploads\/2026\/02\/viber_image_2026-02-05_09-10-38-285-1200x904.jpg 1200w, https:\/\/www.liceulprometeuprotalent.md\/wp-content\/uploads\/2026\/02\/viber_image_2026-02-05_09-10-38-285-1536x1157.jpg 1536w, https:\/\/www.liceulprometeuprotalent.md\/wp-content\/uploads\/2026\/02\/viber_image_2026-02-05_09-10-38-285.jpg 1600w\" sizes=\"(max-width: 1600px) 100vw, 1600px\" \/> <img decoding=\"async\" class=\"alignnone size-full wp-image-9341\" src=\"https:\/\/www.liceulprometeuprotalent.md\/wp-content\/uploads\/2026\/02\/viber_image_2026-02-05_09-10-38-321.jpg\" alt=\"\" width=\"1600\" height=\"1205\" srcset=\"https:\/\/www.liceulprometeuprotalent.md\/wp-content\/uploads\/2026\/02\/viber_image_2026-02-05_09-10-38-321-200x151.jpg 200w, https:\/\/www.liceulprometeuprotalent.md\/wp-content\/uploads\/2026\/02\/viber_image_2026-02-05_09-10-38-321-300x226.jpg 300w, https:\/\/www.liceulprometeuprotalent.md\/wp-content\/uploads\/2026\/02\/viber_image_2026-02-05_09-10-38-321-400x301.jpg 400w, https:\/\/www.liceulprometeuprotalent.md\/wp-content\/uploads\/2026\/02\/viber_image_2026-02-05_09-10-38-321-600x452.jpg 600w, https:\/\/www.liceulprometeuprotalent.md\/wp-content\/uploads\/2026\/02\/viber_image_2026-02-05_09-10-38-321-768x578.jpg 768w, https:\/\/www.liceulprometeuprotalent.md\/wp-content\/uploads\/2026\/02\/viber_image_2026-02-05_09-10-38-321-800x603.jpg 800w, https:\/\/www.liceulprometeuprotalent.md\/wp-content\/uploads\/2026\/02\/viber_image_2026-02-05_09-10-38-321-1024x771.jpg 1024w, https:\/\/www.liceulprometeuprotalent.md\/wp-content\/uploads\/2026\/02\/viber_image_2026-02-05_09-10-38-321-1200x904.jpg 1200w, https:\/\/www.liceulprometeuprotalent.md\/wp-content\/uploads\/2026\/02\/viber_image_2026-02-05_09-10-38-321-1536x1157.jpg 1536w, https:\/\/www.liceulprometeuprotalent.md\/wp-content\/uploads\/2026\/02\/viber_image_2026-02-05_09-10-38-321.jpg 1600w\" sizes=\"(max-width: 1600px) 100vw, 1600px\" \/><\/p>\n","protected":false},"excerpt":{"rendered":"<p>Pe data de 4 februarie 2026, doamna Natalia Dubencu, profesoar\u0103 de limba englez\u0103, a oferit elevilor Liceului de Creativitate \u0219i Inventic\u0103 \u201ePrometeu-Protalent\u201d o altfel de lec\u021bie la limba englez\u0103. Lec\u021bia a avut un obiectiv amplu \u0219i clar: explorarea \u201eModelului danez\u201d de implicare a tinerilor \u0219i a modului \u00een care acesta poate inspira elevii din Republica [&hellip;]<\/p>\n","protected":false},"author":1,"featured_media":9340,"comment_status":"open","ping_status":"open","sticky":false,"template":"","format":"standard","meta":{"_price":"","_stock":"","_tribe_ticket_header":"","_tribe_default_ticket_provider":"","_tribe_ticket_capacity":"0","_ticket_start_date":"","_ticket_end_date":"","_tribe_ticket_show_description":"","_tribe_ticket_show_not_going":false,"_tribe_ticket_use_global_stock":"","_tribe_ticket_global_stock_level":"","_global_stock_mode":"","_global_stock_cap":"","_tribe_rsvp_for_event":"","_tribe_ticket_going_count":"","_tribe_ticket_not_going_count":"","_tribe_tickets_list":"[]","_tribe_ticket_has_attendee_info_fields":false,"footnotes":""},"categories":[89,80,1],"tags":[],"class_list":["post-9337","post","type-post","status-publish","format-standard","has-post-thumbnail","hentry","category-blog","category-toate-categoriile","category-uncategorized"],"_links":{"self":[{"href":"https:\/\/www.liceulprometeuprotalent.md\/index.php?rest_route=\/wp\/v2\/posts\/9337","targetHints":{"allow":["GET"]}}],"collection":[{"href":"https:\/\/www.liceulprometeuprotalent.md\/index.php?rest_route=\/wp\/v2\/posts"}],"about":[{"href":"https:\/\/www.liceulprometeuprotalent.md\/index.php?rest_route=\/wp\/v2\/types\/post"}],"author":[{"embeddable":true,"href":"https:\/\/www.liceulprometeuprotalent.md\/index.php?rest_route=\/wp\/v2\/users\/1"}],"replies":[{"embeddable":true,"href":"https:\/\/www.liceulprometeuprotalent.md\/index.php?rest_route=%2Fwp%2Fv2%2Fcomments&post=9337"}],"version-history":[{"count":1,"href":"https:\/\/www.liceulprometeuprotalent.md\/index.php?rest_route=\/wp\/v2\/posts\/9337\/revisions"}],"predecessor-version":[{"id":9342,"href":"https:\/\/www.liceulprometeuprotalent.md\/index.php?rest_route=\/wp\/v2\/posts\/9337\/revisions\/9342"}],"wp:featuredmedia":[{"embeddable":true,"href":"https:\/\/www.liceulprometeuprotalent.md\/index.php?rest_route=\/wp\/v2\/media\/9340"}],"wp:attachment":[{"href":"https:\/\/www.liceulprometeuprotalent.md\/index.php?rest_route=%2Fwp%2Fv2%2Fmedia&parent=9337"}],"wp:term":[{"taxonomy":"category","embeddable":true,"href":"https:\/\/www.liceulprometeuprotalent.md\/index.php?rest_route=%2Fwp%2Fv2%2Fcategories&post=9337"},{"taxonomy":"post_tag","embeddable":true,"href":"https:\/\/www.liceulprometeuprotalent.md\/index.php?rest_route=%2Fwp%2Fv2%2Ftags&post=9337"}],"curies":[{"name":"wp","href":"https:\/\/api.w.org\/{rel}","templated":true}]}}