{"id":9345,"date":"2026-02-15T12:50:28","date_gmt":"2026-02-15T12:50:28","guid":{"rendered":"https:\/\/www.liceulprometeuprotalent.md\/?p=9345"},"modified":"2026-02-16T12:52:57","modified_gmt":"2026-02-16T12:52:57","slug":"amelia-septelici-continua-sa-adune-premii","status":"publish","type":"post","link":"https:\/\/www.liceulprometeuprotalent.md\/?p=9345","title":{"rendered":"Amelia \u0218eptelici continu\u0103 s\u0103 adune premii"},"content":{"rendered":"<p>Amelia \u0218eptelici, elev\u0103 \u00een clasa a III-a \u201eE\u201d (dirigint\u0103 doamna Liliana Perjuc, \u00eenv\u0103\u021b\u0103toare, grad didactic I) a Liceului de Creativitate \u0219i Inventic\u0103 \u201ePrometeu-Protalent\u201d, continu\u0103 s\u0103 adune premii \u0219i \u00een anul 2026. Anul este abia la \u00eenceput, dar Amelia are deja dou\u0103 victorii foarte importante. Prima victorie \u2013 <strong>locul I<\/strong> \u2013 a fost ob\u021binut\u0103 \u00een cadrul competi\u021biei <strong>Winter International Young Talents Vienna Cup 2026, <\/strong>care a avut loc la Viena, Austria, \u00een perioada 24-26 ianuarie 2026, iar a doua victorie \u2013 <strong>la fel locul I<\/strong> \u00ad\u2013 a fost cucerit\u0103 \u00een cadrul <strong>Concursului Liberty Grace Cup<\/strong>, care a avut loc la Chi\u0219in\u0103u, pe data de 14 februarie 2026. Competi\u021bia de la Chi\u0219in\u0103u a fost dedicat\u0103 Zilei \u00cendr\u0103gosti\u021bilor \u0219i a fost un minunat prilej pentru eleva noastr\u0103 s\u0103-\u0219i reconfirme pasiunea pentru gimnastica ritmic\u0103, inclusiv s\u0103-\u0219i demonstreze m\u0103iestria \u0219i elegan\u021ba cu care practic\u0103 acest minunat sport.<\/p>\n<p>Felicit\u0103ri, Amelia \u0218eptelici!<\/p>\n<p>Felicit\u0103ri, stimat\u0103 doamn\u0103 dirigint\u0103 Liliana Perjuc!<\/p>\n<p>Felicit\u0103ri, stimat\u0103 familie \u0218eptelici!<\/p>\n<p><img decoding=\"async\" class=\"alignnone wp-image-9348 size-fusion-400\" src=\"https:\/\/www.liceulprometeuprotalent.md\/wp-content\/uploads\/2026\/02\/viber_image_2026-02-14_21-11-37-473-400x533.jpg\" alt=\"\" width=\"400\" height=\"533\" srcset=\"https:\/\/www.liceulprometeuprotalent.md\/wp-content\/uploads\/2026\/02\/viber_image_2026-02-14_21-11-37-473-200x267.jpg 200w, https:\/\/www.liceulprometeuprotalent.md\/wp-content\/uploads\/2026\/02\/viber_image_2026-02-14_21-11-37-473-225x300.jpg 225w, https:\/\/www.liceulprometeuprotalent.md\/wp-content\/uploads\/2026\/02\/viber_image_2026-02-14_21-11-37-473-400x533.jpg 400w, https:\/\/www.liceulprometeuprotalent.md\/wp-content\/uploads\/2026\/02\/viber_image_2026-02-14_21-11-37-473-600x800.jpg 600w, https:\/\/www.liceulprometeuprotalent.md\/wp-content\/uploads\/2026\/02\/viber_image_2026-02-14_21-11-37-473-768x1024.jpg 768w, https:\/\/www.liceulprometeuprotalent.md\/wp-content\/uploads\/2026\/02\/viber_image_2026-02-14_21-11-37-473-800x1067.jpg 800w, https:\/\/www.liceulprometeuprotalent.md\/wp-content\/uploads\/2026\/02\/viber_image_2026-02-14_21-11-37-473-1152x1536.jpg 1152w, https:\/\/www.liceulprometeuprotalent.md\/wp-content\/uploads\/2026\/02\/viber_image_2026-02-14_21-11-37-473.jpg 1200w\" sizes=\"(max-width: 400px) 100vw, 400px\" \/> <img decoding=\"async\" class=\"alignnone wp-image-9346 \" src=\"https:\/\/www.liceulprometeuprotalent.md\/wp-content\/uploads\/2026\/02\/viber_image_2026-02-14_21-07-14-571-800x600.jpg\" alt=\"\" width=\"710\" height=\"532\" srcset=\"https:\/\/www.liceulprometeuprotalent.md\/wp-content\/uploads\/2026\/02\/viber_image_2026-02-14_21-07-14-571-200x150.jpg 200w, https:\/\/www.liceulprometeuprotalent.md\/wp-content\/uploads\/2026\/02\/viber_image_2026-02-14_21-07-14-571-300x225.jpg 300w, https:\/\/www.liceulprometeuprotalent.md\/wp-content\/uploads\/2026\/02\/viber_image_2026-02-14_21-07-14-571-400x300.jpg 400w, https:\/\/www.liceulprometeuprotalent.md\/wp-content\/uploads\/2026\/02\/viber_image_2026-02-14_21-07-14-571-600x450.jpg 600w, https:\/\/www.liceulprometeuprotalent.md\/wp-content\/uploads\/2026\/02\/viber_image_2026-02-14_21-07-14-571-768x576.jpg 768w, https:\/\/www.liceulprometeuprotalent.md\/wp-content\/uploads\/2026\/02\/viber_image_2026-02-14_21-07-14-571-800x600.jpg 800w, https:\/\/www.liceulprometeuprotalent.md\/wp-content\/uploads\/2026\/02\/viber_image_2026-02-14_21-07-14-571-1024x768.jpg 1024w, https:\/\/www.liceulprometeuprotalent.md\/wp-content\/uploads\/2026\/02\/viber_image_2026-02-14_21-07-14-571-1200x900.jpg 1200w, https:\/\/www.liceulprometeuprotalent.md\/wp-content\/uploads\/2026\/02\/viber_image_2026-02-14_21-07-14-571-1536x1152.jpg 1536w, https:\/\/www.liceulprometeuprotalent.md\/wp-content\/uploads\/2026\/02\/viber_image_2026-02-14_21-07-14-571.jpg 1600w\" sizes=\"(max-width: 710px) 100vw, 710px\" \/><\/p>\n","protected":false},"excerpt":{"rendered":"<p>Amelia \u0218eptelici, elev\u0103 \u00een clasa a III-a \u201eE\u201d (dirigint\u0103 doamna Liliana Perjuc, \u00eenv\u0103\u021b\u0103toare, grad didactic I) a Liceului de Creativitate \u0219i Inventic\u0103 \u201ePrometeu-Protalent\u201d, continu\u0103 s\u0103 adune premii \u0219i \u00een anul 2026. Anul este abia la \u00eenceput, dar Amelia are deja dou\u0103 victorii foarte importante. Prima victorie \u2013 locul I \u2013 a fost ob\u021binut\u0103 \u00een cadrul [&hellip;]<\/p>\n","protected":false},"author":1,"featured_media":9346,"comment_status":"open","ping_status":"open","sticky":false,"template":"","format":"standard","meta":{"_price":"","_stock":"","_tribe_ticket_header":"","_tribe_default_ticket_provider":"","_tribe_ticket_capacity":"0","_ticket_start_date":"","_ticket_end_date":"","_tribe_ticket_show_description":"","_tribe_ticket_show_not_going":false,"_tribe_ticket_use_global_stock":"","_tribe_ticket_global_stock_level":"","_global_stock_mode":"","_global_stock_cap":"","_tribe_rsvp_for_event":"","_tribe_ticket_going_count":"","_tribe_ticket_not_going_count":"","_tribe_tickets_list":"[]","_tribe_ticket_has_attendee_info_fields":false,"footnotes":""},"categories":[89,80],"tags":[],"class_list":["post-9345","post","type-post","status-publish","format-standard","has-post-thumbnail","hentry","category-blog","category-toate-categoriile"],"_links":{"self":[{"href":"https:\/\/www.liceulprometeuprotalent.md\/index.php?rest_route=\/wp\/v2\/posts\/9345","targetHints":{"allow":["GET"]}}],"collection":[{"href":"https:\/\/www.liceulprometeuprotalent.md\/index.php?rest_route=\/wp\/v2\/posts"}],"about":[{"href":"https:\/\/www.liceulprometeuprotalent.md\/index.php?rest_route=\/wp\/v2\/types\/post"}],"author":[{"embeddable":true,"href":"https:\/\/www.liceulprometeuprotalent.md\/index.php?rest_route=\/wp\/v2\/users\/1"}],"replies":[{"embeddable":true,"href":"https:\/\/www.liceulprometeuprotalent.md\/index.php?rest_route=%2Fwp%2Fv2%2Fcomments&post=9345"}],"version-history":[{"count":2,"href":"https:\/\/www.liceulprometeuprotalent.md\/index.php?rest_route=\/wp\/v2\/posts\/9345\/revisions"}],"predecessor-version":[{"id":9349,"href":"https:\/\/www.liceulprometeuprotalent.md\/index.php?rest_route=\/wp\/v2\/posts\/9345\/revisions\/9349"}],"wp:featuredmedia":[{"embeddable":true,"href":"https:\/\/www.liceulprometeuprotalent.md\/index.php?rest_route=\/wp\/v2\/media\/9346"}],"wp:attachment":[{"href":"https:\/\/www.liceulprometeuprotalent.md\/index.php?rest_route=%2Fwp%2Fv2%2Fmedia&parent=9345"}],"wp:term":[{"taxonomy":"category","embeddable":true,"href":"https:\/\/www.liceulprometeuprotalent.md\/index.php?rest_route=%2Fwp%2Fv2%2Fcategories&post=9345"},{"taxonomy":"post_tag","embeddable":true,"href":"https:\/\/www.liceulprometeuprotalent.md\/index.php?rest_route=%2Fwp%2Fv2%2Ftags&post=9345"}],"curies":[{"name":"wp","href":"https:\/\/api.w.org\/{rel}","templated":true}]}}