{"id":9365,"date":"2026-02-19T12:26:24","date_gmt":"2026-02-19T12:26:24","guid":{"rendered":"https:\/\/www.liceulprometeuprotalent.md\/?p=9365"},"modified":"2026-02-19T12:26:24","modified_gmt":"2026-02-19T12:26:24","slug":"premii-i-la-concursul-ars-poetica","status":"publish","type":"post","link":"https:\/\/www.liceulprometeuprotalent.md\/?p=9365","title":{"rendered":"Premii I la concursul ARS Poetica"},"content":{"rendered":"<p>Elevele Anastasia Ursu din clasa a IV-a \u201eC\u201d (mentor doamna Snejana Gogolev-Pahomea, \u00eenv\u0103\u021b\u0103toare, grad didactic I) \u0219i Vitalia Butucel din clasa IX \u201eC\u201d (mentor doamna Angela Miron, profesoar\u0103 de limba \u0219i literatura rom\u00e2n\u0103, grad didactic superior) de la Liceul de Creativitate \u0219i Inventic\u0103 \u201ePrometeu-Protalent\u201d au fost distinse cu Premiile I la concursul ARS Poetica, etapa de sector, organizat de DGETS al Consiliului municipal Chi\u0219in\u0103u pe data de 13 februarie 2026.<\/p>\n<p>Elevele noastre au demonstrat \u00een cadrul competi\u021biei (fiecare la categoria sa de v\u00e2rst\u0103) \u00a0m\u0103iestrie artistic\u0103 \u00eenalt\u0103, sensibilitate \u0219i profunzime la recitarea crea\u021biilor lirice, asum\u00e2ndu-\u0219i o \u021binut\u0103 scenic\u0103 impecabil\u0103.<\/p>\n<p>Felicit\u0103ri, Anastasia \u0219i Vitalia! Apreciem curajul \u0219i str\u0103duin\u021ba voastr\u0103. V\u0103 dorim succese \u0219i la urm\u0103toarele etape ale concursului.<\/p>\n<p>Felicit\u0103ri, stimate doamne Snejana Gogolev-Pahomea \u0219i Angela Miron! V\u0103 mul\u021bumim pentru implicare \u0219i d\u0103ruire. Succesele discipolilor se c\u00e2\u0219tig\u0103 prin munc\u0103 asidu\u0103 \u0219i mare responsabilitate pe care le dovedi\u021bi zi de zi.<\/p>\n<p>&nbsp;<\/p>\n","protected":false},"excerpt":{"rendered":"<p>Elevele Anastasia Ursu din clasa a IV-a \u201eC\u201d (mentor doamna Snejana Gogolev-Pahomea, \u00eenv\u0103\u021b\u0103toare, grad didactic I) \u0219i Vitalia Butucel din clasa IX \u201eC\u201d (mentor doamna Angela Miron, profesoar\u0103 de limba \u0219i literatura rom\u00e2n\u0103, grad didactic superior) de la Liceul de Creativitate \u0219i Inventic\u0103 \u201ePrometeu-Protalent\u201d au fost distinse cu Premiile I la concursul ARS Poetica, etapa [&hellip;]<\/p>\n","protected":false},"author":1,"featured_media":0,"comment_status":"open","ping_status":"open","sticky":false,"template":"","format":"standard","meta":{"_price":"","_stock":"","_tribe_ticket_header":"","_tribe_default_ticket_provider":"","_tribe_ticket_capacity":"0","_ticket_start_date":"","_ticket_end_date":"","_tribe_ticket_show_description":"","_tribe_ticket_show_not_going":false,"_tribe_ticket_use_global_stock":"","_tribe_ticket_global_stock_level":"","_global_stock_mode":"","_global_stock_cap":"","_tribe_rsvp_for_event":"","_tribe_ticket_going_count":"","_tribe_ticket_not_going_count":"","_tribe_tickets_list":"[]","_tribe_ticket_has_attendee_info_fields":false,"footnotes":""},"categories":[89,80,1],"tags":[],"class_list":["post-9365","post","type-post","status-publish","format-standard","hentry","category-blog","category-toate-categoriile","category-uncategorized"],"_links":{"self":[{"href":"https:\/\/www.liceulprometeuprotalent.md\/index.php?rest_route=\/wp\/v2\/posts\/9365","targetHints":{"allow":["GET"]}}],"collection":[{"href":"https:\/\/www.liceulprometeuprotalent.md\/index.php?rest_route=\/wp\/v2\/posts"}],"about":[{"href":"https:\/\/www.liceulprometeuprotalent.md\/index.php?rest_route=\/wp\/v2\/types\/post"}],"author":[{"embeddable":true,"href":"https:\/\/www.liceulprometeuprotalent.md\/index.php?rest_route=\/wp\/v2\/users\/1"}],"replies":[{"embeddable":true,"href":"https:\/\/www.liceulprometeuprotalent.md\/index.php?rest_route=%2Fwp%2Fv2%2Fcomments&post=9365"}],"version-history":[{"count":1,"href":"https:\/\/www.liceulprometeuprotalent.md\/index.php?rest_route=\/wp\/v2\/posts\/9365\/revisions"}],"predecessor-version":[{"id":9366,"href":"https:\/\/www.liceulprometeuprotalent.md\/index.php?rest_route=\/wp\/v2\/posts\/9365\/revisions\/9366"}],"wp:attachment":[{"href":"https:\/\/www.liceulprometeuprotalent.md\/index.php?rest_route=%2Fwp%2Fv2%2Fmedia&parent=9365"}],"wp:term":[{"taxonomy":"category","embeddable":true,"href":"https:\/\/www.liceulprometeuprotalent.md\/index.php?rest_route=%2Fwp%2Fv2%2Fcategories&post=9365"},{"taxonomy":"post_tag","embeddable":true,"href":"https:\/\/www.liceulprometeuprotalent.md\/index.php?rest_route=%2Fwp%2Fv2%2Ftags&post=9365"}],"curies":[{"name":"wp","href":"https:\/\/api.w.org\/{rel}","templated":true}]}}