{"id":9367,"date":"2026-02-23T14:46:17","date_gmt":"2026-02-23T14:46:17","guid":{"rendered":"https:\/\/www.liceulprometeuprotalent.md\/?p=9367"},"modified":"2026-02-23T14:46:17","modified_gmt":"2026-02-23T14:46:17","slug":"reusite-la-olimpiada-de-fizica-etapa-municipala","status":"publish","type":"post","link":"https:\/\/www.liceulprometeuprotalent.md\/?p=9367","title":{"rendered":"Reu\u0219ite la Olimpiada de Fizic\u0103, etapa municipal\u0103"},"content":{"rendered":"<p class=\"s3\"><span class=\"s2\"><span class=\"bumpedFont15\">Cu<\/span><\/span> <span class=\"s4\"><span class=\"bumpedFont15\">Premiul III<\/span><\/span> <span class=\"s2\"><span class=\"bumpedFont15\">\u0219i <\/span><\/span><span class=\"s4\"><span class=\"bumpedFont15\">Men\u021biune<\/span><\/span><span class=\"s2\"><span class=\"bumpedFont15\"> la Olimpiada de Fizic\u0103, etapa municipal\u0103, au fost distin\u0219i elevii <\/span><\/span><span class=\"s2\"><span class=\"bumpedFont15\">Maxim <\/span><\/span><span class=\"s2\"><span class=\"bumpedFont15\">Garaba<\/span><\/span><span class=\"s2\"><span class=\"bumpedFont15\"> din clasa a<\/span><\/span><span class=\"s2\"><span class=\"bumpedFont15\">XI-a \u201eB\u201d \u0219i<\/span><\/span><span class=\"s2\"><span class=\"bumpedFont15\"> Rare\u0219 Miron din clasa a IX-a \u201eC\u201d de la Liceul de Creativitate \u0219i Creativitate \u0219i Inventic\u0103 \u201ePrometeu-<\/span><\/span><span class=\"s2\"><span class=\"bumpedFont15\">Protalent<\/span><\/span><span class=\"s2\"><span class=\"bumpedFont15\">\u201d<\/span><\/span><span class=\"s2\"><span class=\"bumpedFont15\">. Mentorul care i-a preg\u0103tit \u0219i sprijinit pe premian\u021bi<\/span><\/span><span class=\"s2\"><span class=\"bumpedFont15\"> no\u0219tri \u00een aceast\u0103 competi\u021bie<\/span><\/span> <span class=\"s2\"><span class=\"bumpedFont15\">important\u0103 <\/span><\/span><span class=\"s2\"><span class=\"bumpedFont15\">a fost domnul Sergiu <\/span><\/span><span class=\"s2\"><span class=\"bumpedFont15\">\u0218argarovschi<\/span><\/span><span class=\"s2\"><span class=\"bumpedFont15\">, profesor de<\/span><\/span><span class=\"s2\"><span class=\"bumpedFont15\"> fizic\u0103, grad didactic superior. <\/span><\/span><\/p>\n<p class=\"s3\"><span class=\"s2\"><span class=\"bumpedFont15\">Olimpiada a avut loc pe data de 21 februarie 2026 \u0219i a fost organizat\u0103 de DGETS a Consiliului municipal Chi\u0219in\u0103u. <\/span><\/span><\/p>\n<p class=\"s3\"><span class=\"s2\"><span class=\"bumpedFont15\">Felicit\u0103ri, dragi elevi! <\/span><\/span><a name=\"_GoBack\"><\/a><span class=\"s2\"><span class=\"bumpedFont15\">V\u0103 dorim succese <\/span><\/span><span class=\"s2\"><span class=\"bumpedFont15\">\u0219i la competi\u021biile viitoare. <\/span><\/span><\/p>\n<p class=\"s3\"><span class=\"s2\"><span class=\"bumpedFont15\">Felicit\u0103ri, stimate <\/span><\/span><span class=\"s2\"><span class=\"bumpedFont15\">domnule<\/span><\/span><span class=\"s2\"><span class=\"bumpedFont15\"> profesor Sergiu <\/span><\/span><span class=\"s2\"><span class=\"bumpedFont15\">\u0218argarovschi<\/span><\/span><span class=\"s2\"><span class=\"bumpedFont15\">!<\/span><\/span><span class=\"s2\"><span class=\"bumpedFont15\"> Ne bucur\u0103 faptul c\u0103 discipolii Dumneavoastr\u0103 c\u00e2\u0219tig\u0103 mereu locuri de frunte la astfel de competi\u021bii. V\u0103 mul\u021bumim pentru munc\u0103 asidu\u0103 \u0219i dedicare. \u00a0<\/span><\/span><\/p>\n<p class=\"s5\">\n<p class=\"s6\">\n","protected":false},"excerpt":{"rendered":"<p>Cu Premiul III \u0219i Men\u021biune la Olimpiada de Fizic\u0103, etapa municipal\u0103, au fost distin\u0219i elevii Maxim Garaba din clasa aXI-a \u201eB\u201d \u0219i Rare\u0219 Miron din clasa a IX-a \u201eC\u201d de la Liceul de Creativitate \u0219i Creativitate \u0219i Inventic\u0103 \u201ePrometeu-Protalent\u201d. Mentorul care i-a preg\u0103tit \u0219i sprijinit pe premian\u021bi no\u0219tri \u00een aceast\u0103 competi\u021bie important\u0103 a fost domnul [&hellip;]<\/p>\n","protected":false},"author":1,"featured_media":0,"comment_status":"open","ping_status":"open","sticky":false,"template":"","format":"standard","meta":{"_price":"","_stock":"","_tribe_ticket_header":"","_tribe_default_ticket_provider":"","_tribe_ticket_capacity":"0","_ticket_start_date":"","_ticket_end_date":"","_tribe_ticket_show_description":"","_tribe_ticket_show_not_going":false,"_tribe_ticket_use_global_stock":"","_tribe_ticket_global_stock_level":"","_global_stock_mode":"","_global_stock_cap":"","_tribe_rsvp_for_event":"","_tribe_ticket_going_count":"","_tribe_ticket_not_going_count":"","_tribe_tickets_list":"[]","_tribe_ticket_has_attendee_info_fields":false,"footnotes":""},"categories":[89,80,1],"tags":[],"class_list":["post-9367","post","type-post","status-publish","format-standard","hentry","category-blog","category-toate-categoriile","category-uncategorized"],"_links":{"self":[{"href":"https:\/\/www.liceulprometeuprotalent.md\/index.php?rest_route=\/wp\/v2\/posts\/9367","targetHints":{"allow":["GET"]}}],"collection":[{"href":"https:\/\/www.liceulprometeuprotalent.md\/index.php?rest_route=\/wp\/v2\/posts"}],"about":[{"href":"https:\/\/www.liceulprometeuprotalent.md\/index.php?rest_route=\/wp\/v2\/types\/post"}],"author":[{"embeddable":true,"href":"https:\/\/www.liceulprometeuprotalent.md\/index.php?rest_route=\/wp\/v2\/users\/1"}],"replies":[{"embeddable":true,"href":"https:\/\/www.liceulprometeuprotalent.md\/index.php?rest_route=%2Fwp%2Fv2%2Fcomments&post=9367"}],"version-history":[{"count":1,"href":"https:\/\/www.liceulprometeuprotalent.md\/index.php?rest_route=\/wp\/v2\/posts\/9367\/revisions"}],"predecessor-version":[{"id":9368,"href":"https:\/\/www.liceulprometeuprotalent.md\/index.php?rest_route=\/wp\/v2\/posts\/9367\/revisions\/9368"}],"wp:attachment":[{"href":"https:\/\/www.liceulprometeuprotalent.md\/index.php?rest_route=%2Fwp%2Fv2%2Fmedia&parent=9367"}],"wp:term":[{"taxonomy":"category","embeddable":true,"href":"https:\/\/www.liceulprometeuprotalent.md\/index.php?rest_route=%2Fwp%2Fv2%2Fcategories&post=9367"},{"taxonomy":"post_tag","embeddable":true,"href":"https:\/\/www.liceulprometeuprotalent.md\/index.php?rest_route=%2Fwp%2Fv2%2Ftags&post=9367"}],"curies":[{"name":"wp","href":"https:\/\/api.w.org\/{rel}","templated":true}]}}