{"id":9375,"date":"2026-02-27T14:53:47","date_gmt":"2026-02-27T14:53:47","guid":{"rendered":"https:\/\/www.liceulprometeuprotalent.md\/?p=9375"},"modified":"2026-02-27T14:53:47","modified_gmt":"2026-02-27T14:53:47","slug":"fata-a-iesit-din-ceata-si-a-intrat-in-dialog-cu-iubitorii-de-carte-aurelian-silvestru","status":"publish","type":"post","link":"https:\/\/www.liceulprometeuprotalent.md\/?p=9375","title":{"rendered":"\u201eFata\u2026\u201d a ie\u0219it din cea\u021b\u0103 \u0219i a intrat \u00een dialog cu iubitorii de carte\u201d \u2013 Aurelian Silvestru"},"content":{"rendered":"<p>Oricine din afara Liceului de Creativitate \u0219i Inventic\u0103 \u201ePrometeu-Protalent\u201d ar fi fost prezent la dialogul dintre scriitorul Aurelian Silvestru, directorul fondator al acestei institu\u021bii, \u0219i elevii claselor a IX-a \u2013 a XII-a, ar fi tr\u0103it sentimentul c\u0103 se afl\u0103 \u00eentr-o aul\u0103 academic\u0103, unde spirite cutez\u0103toare pun \u00een dezbatere teme majore ale existen\u021bei umane.<\/p>\n<p>Conceput din \u00eentreb\u0103ri \u0219i r\u0103spunsuri, din reflec\u021bii personalizate ale elevilor-cititori ai c\u0103r\u021bii ap\u0103rute recent \u2013 \u201eFata de dincolo de cea\u021b\u0103\u201d de Aurelian Silvestru, din \u00eenscen\u0103ri inedite ale celor mai palpitante pagini din noua crea\u021bie, dialogul a demonstrat c\u00e2t de ad\u00e2nc \u00ee\u0219i poate pune amprenta o carte valoroas\u0103 prin tematica ei pe lumea interioar\u0103 a celor ce \u0219i-au oprit ochii asupra textului.<\/p>\n<p>\u00centreb\u0103rile-cheie ale dialogului, inspirate de unele fragmente din carte, citite \u00een voce de c\u0103tre elevi: \u201eCe este iubirea?\u201d, \u201eCe \u00eenseamn\u0103 scrisul pentru un scriitor?\u201d, \u201eCine e cel mai mare \u00eenv\u0103\u021b\u0103tor al omului?\u201d, \u201eCe \u00eenseamn\u0103 acas\u0103?\u201d au generat cele mai diverse opinii \u0219i \u00een\u021belegeri ale mesajelor, transform\u00e2ndu-se \u00eentr-un incitant proces de medita\u021bie.<\/p>\n<p>Anvergura dialogului a putut fi descifrat\u0103 din titlurile reflec\u021biilor, semnate de elevi, care vorbesc de la sine despre tr\u0103irile lor profunde la citirea romanului. Ei s-au ipostaziat \u00een diverse roluri de cititori, dup\u0103 cum urmeaz\u0103:<\/p>\n<p>din perspectiva cititorului literal \u2013 \u201eCaligrafia interioar\u0103\u201d de Cristian Beniuc, clasa a XII-a, profesor-coordonator doamna Tatiana Melnic;<\/p>\n<p>prin prisma cititorului analitic \u2013 \u201eExtrospec\u021bia alterit\u0103\u021bii \u00een romanul ,,Fata de dincolo de cea\u021b\u0103\u201d de Camelia Munteanu, clasa a XII-a (prezentare \u2013 Evelina Belicesco), profesor-coordonator Tatiana Melnic;<\/p>\n<p>\u00een rolul cititorului cultivat \u2013 \u201eDubla identitate \u2013 \u00eentre con\u0219tiin\u021b\u0103 \u0219i autenticitate\u201d de Raluca-Cristiana Cazacu, clasa a X-a, profesor-coordonator doamna Dina Danilov;<\/p>\n<p>\u00een viziunea cititorului explorator \u2013 \u201eAlternan\u021ba planurilor temporale \u00een roman\u201d de Codrina-Evelina Codreanu, clasa XII-a, profesor-coordonator dpamna Tatiana Melnic;<\/p>\n<p>din perspectiva cititorului profund \u2013 \u201eInsula fericirii &#8211; un ideal filosofic\u201d de Ilinca Munteanu, clasa a X-a, profesor-coordonator Nelea Croitoru;<\/p>\n<p>\u00een calitate de cititor recreativ \u2013 \u201eCuvinte cu valoare de simbol \u00een roman\u201d de Ana Co\u0219ulean, clasa a X-a, profesor-coordonator doamna Dina Danilov;<\/p>\n<p>din perspectiva cititorului sensibil \u2013 \u201eRevela\u021bia minunii de a fi\u201d de Alexandra-Ioana Crigan, clasa a X-a, profesor-coordonator doamna Dina Danilov.<\/p>\n<p>Deosebit de tulbur\u0103tor a fost momentul artistic \u201eDansul umbrelor\u201d, realizat \u00een baza unui fragment din carte de elevii claselor a IX-a \u2013 a X-a: Eva Burc\u0103, Andreea\u00a0 Revenco, Raluca-Cristiana Cazacu, Alexandra \u0218aptefra\u021b, Angelina Iord\u0103chescu, Gabriel Rodideal, Matei-Cosmin Cernat. Prin aceast\u0103 abordare, elevii \u0219i-au dezv\u0103luit plenar calit\u0103\u021bile artistice, dar \u0219i capacitatea de a discerne esen\u021bialul din lucrarea pus\u0103 \u00een discu\u021bie.<\/p>\n<p>Prezentatorii evenimentului Cristian Beniuc \u0219i Sergiu Statii din clasa a XII-a, care s-au remarcat prin ingeniozitate \u0219i expresivitate la expunerea scenariului, au f\u0103cut o paralel\u0103 reu\u0219it\u0103 a crea\u021biei lui Aurelian Silvestru cu poezia \u201eLec\u021bia despre cub\u201d de Nichita St\u0103nescu.<\/p>\n<p>O surpriz\u0103 cu totul \u00eenc\u00e2nt\u0103toare a evenimentului a fost tabloul Patriciei \u021aepordei din clasa a XII-a, care a redat prin intermediul lui lumea frumoas\u0103 a romanului.<\/p>\n<p>Felicit\u0103ri, dragi elevi! A\u021bi fost minuna\u021bi! A\u021bi impresionat prin nivelul vostru de p\u0103trundere \u00een lumea construit\u0103 de autorul c\u0103r\u021bii \u201eFata de dincolo de cea\u021b\u0103\u201d de Aurelian Silvestru.<\/p>\n<p>Felicit\u0103ri, stimate doamne profesoare de limba \u0219i literatura rom\u00e2n\u0103! Munca Dumneavoastr\u0103 se reflect\u0103 \u00een fiecare evoluare a discipolilor, fiind pe zi ce trece tot mai elevat\u0103 \u0219i mai erudit\u0103, fapt pentru care v\u0103 exprim\u0103m sincere aprecieri.<\/p>\n<p>\u00cen consecin\u021b\u0103, autorul Aurelian Silvestru a concluzionat pe pagina domniei sale de Facebook: \u201eFATA\u2026\u201d a ie\u0219it din cea\u021b\u0103 \u0219i a intrat \u00eentr-un dialog foarte serios cu iubitorii de carte de la Liceul \u201ePrometeu-Protalent\u201d din Chi\u0219in\u0103u.<\/p>\n<p>Amintim c\u0103 romanul \u201eFata de dincolo de cea\u021b\u0103\u201d de Aurelian Silvestru a fost selectat\u0103 pentru noua edi\u021bie (nr. XXXIII) a Programului de lectur\u0103 \u201eChi\u0219in\u0103ul cite\u0219te\u201d, categoria tineri, organizat de Biblioteca Municipal\u0103 \u201eB. P. Hasdeu\u201d.<\/p>\n<div id=\"attachment_9376\" style=\"width: 410px\" class=\"wp-caption alignnone\"><img decoding=\"async\" aria-describedby=\"caption-attachment-9376\" class=\"wp-image-9376 size-fusion-400\" src=\"https:\/\/www.liceulprometeuprotalent.md\/wp-content\/uploads\/2026\/02\/IMG20260226131533-400x301.jpg\" alt=\"\" width=\"400\" height=\"301\" srcset=\"https:\/\/www.liceulprometeuprotalent.md\/wp-content\/uploads\/2026\/02\/IMG20260226131533-200x151.jpg 200w, https:\/\/www.liceulprometeuprotalent.md\/wp-content\/uploads\/2026\/02\/IMG20260226131533-300x226.jpg 300w, https:\/\/www.liceulprometeuprotalent.md\/wp-content\/uploads\/2026\/02\/IMG20260226131533-400x301.jpg 400w, https:\/\/www.liceulprometeuprotalent.md\/wp-content\/uploads\/2026\/02\/IMG20260226131533-600x452.jpg 600w, https:\/\/www.liceulprometeuprotalent.md\/wp-content\/uploads\/2026\/02\/IMG20260226131533-768x578.jpg 768w, https:\/\/www.liceulprometeuprotalent.md\/wp-content\/uploads\/2026\/02\/IMG20260226131533-800x602.jpg 800w, https:\/\/www.liceulprometeuprotalent.md\/wp-content\/uploads\/2026\/02\/IMG20260226131533-1024x771.jpg 1024w, https:\/\/www.liceulprometeuprotalent.md\/wp-content\/uploads\/2026\/02\/IMG20260226131533-1200x904.jpg 1200w, https:\/\/www.liceulprometeuprotalent.md\/wp-content\/uploads\/2026\/02\/IMG20260226131533-1536x1157.jpg 1536w\" sizes=\"(max-width: 400px) 100vw, 400px\" \/><p id=\"caption-attachment-9376\" class=\"wp-caption-text\">oplus_0<\/p><\/div>\n<div id=\"attachment_9377\" style=\"width: 410px\" class=\"wp-caption alignnone\"><img decoding=\"async\" aria-describedby=\"caption-attachment-9377\" class=\"wp-image-9377 size-fusion-400\" src=\"https:\/\/www.liceulprometeuprotalent.md\/wp-content\/uploads\/2026\/02\/IMG20260226132028-400x301.jpg\" alt=\"\" width=\"400\" height=\"301\" srcset=\"https:\/\/www.liceulprometeuprotalent.md\/wp-content\/uploads\/2026\/02\/IMG20260226132028-200x151.jpg 200w, https:\/\/www.liceulprometeuprotalent.md\/wp-content\/uploads\/2026\/02\/IMG20260226132028-300x226.jpg 300w, https:\/\/www.liceulprometeuprotalent.md\/wp-content\/uploads\/2026\/02\/IMG20260226132028-400x301.jpg 400w, https:\/\/www.liceulprometeuprotalent.md\/wp-content\/uploads\/2026\/02\/IMG20260226132028-600x452.jpg 600w, https:\/\/www.liceulprometeuprotalent.md\/wp-content\/uploads\/2026\/02\/IMG20260226132028-768x578.jpg 768w, https:\/\/www.liceulprometeuprotalent.md\/wp-content\/uploads\/2026\/02\/IMG20260226132028-800x602.jpg 800w, https:\/\/www.liceulprometeuprotalent.md\/wp-content\/uploads\/2026\/02\/IMG20260226132028-1024x771.jpg 1024w, https:\/\/www.liceulprometeuprotalent.md\/wp-content\/uploads\/2026\/02\/IMG20260226132028-1200x904.jpg 1200w, https:\/\/www.liceulprometeuprotalent.md\/wp-content\/uploads\/2026\/02\/IMG20260226132028-1536x1157.jpg 1536w\" sizes=\"(max-width: 400px) 100vw, 400px\" \/><p id=\"caption-attachment-9377\" class=\"wp-caption-text\">oplus_0<\/p><\/div>\n<div id=\"attachment_9378\" style=\"width: 410px\" class=\"wp-caption alignnone\"><img decoding=\"async\" aria-describedby=\"caption-attachment-9378\" class=\"wp-image-9378 size-fusion-400\" src=\"https:\/\/www.liceulprometeuprotalent.md\/wp-content\/uploads\/2026\/02\/IMG20260226132247-400x301.jpg\" alt=\"\" width=\"400\" height=\"301\" srcset=\"https:\/\/www.liceulprometeuprotalent.md\/wp-content\/uploads\/2026\/02\/IMG20260226132247-200x151.jpg 200w, https:\/\/www.liceulprometeuprotalent.md\/wp-content\/uploads\/2026\/02\/IMG20260226132247-300x226.jpg 300w, https:\/\/www.liceulprometeuprotalent.md\/wp-content\/uploads\/2026\/02\/IMG20260226132247-400x301.jpg 400w, https:\/\/www.liceulprometeuprotalent.md\/wp-content\/uploads\/2026\/02\/IMG20260226132247-600x452.jpg 600w, https:\/\/www.liceulprometeuprotalent.md\/wp-content\/uploads\/2026\/02\/IMG20260226132247-768x578.jpg 768w, https:\/\/www.liceulprometeuprotalent.md\/wp-content\/uploads\/2026\/02\/IMG20260226132247-800x602.jpg 800w, https:\/\/www.liceulprometeuprotalent.md\/wp-content\/uploads\/2026\/02\/IMG20260226132247-1024x771.jpg 1024w, https:\/\/www.liceulprometeuprotalent.md\/wp-content\/uploads\/2026\/02\/IMG20260226132247-1200x904.jpg 1200w, https:\/\/www.liceulprometeuprotalent.md\/wp-content\/uploads\/2026\/02\/IMG20260226132247-1536x1157.jpg 1536w\" sizes=\"(max-width: 400px) 100vw, 400px\" \/><p id=\"caption-attachment-9378\" class=\"wp-caption-text\">oplus_0<\/p><\/div>\n","protected":false},"excerpt":{"rendered":"<p>Oricine din afara Liceului de Creativitate \u0219i Inventic\u0103 \u201ePrometeu-Protalent\u201d ar fi fost prezent la dialogul dintre scriitorul Aurelian Silvestru, directorul fondator al acestei institu\u021bii, \u0219i elevii claselor a IX-a \u2013 a XII-a, ar fi tr\u0103it sentimentul c\u0103 se afl\u0103 \u00eentr-o aul\u0103 academic\u0103, unde spirite cutez\u0103toare pun \u00een dezbatere teme majore ale existen\u021bei umane. Conceput din [&hellip;]<\/p>\n","protected":false},"author":1,"featured_media":9377,"comment_status":"open","ping_status":"open","sticky":false,"template":"","format":"standard","meta":{"_price":"","_stock":"","_tribe_ticket_header":"","_tribe_default_ticket_provider":"","_tribe_ticket_capacity":"0","_ticket_start_date":"","_ticket_end_date":"","_tribe_ticket_show_description":"","_tribe_ticket_show_not_going":false,"_tribe_ticket_use_global_stock":"","_tribe_ticket_global_stock_level":"","_global_stock_mode":"","_global_stock_cap":"","_tribe_rsvp_for_event":"","_tribe_ticket_going_count":"","_tribe_ticket_not_going_count":"","_tribe_tickets_list":"[]","_tribe_ticket_has_attendee_info_fields":false,"footnotes":""},"categories":[89,80,1],"tags":[],"class_list":["post-9375","post","type-post","status-publish","format-standard","has-post-thumbnail","hentry","category-blog","category-toate-categoriile","category-uncategorized"],"_links":{"self":[{"href":"https:\/\/www.liceulprometeuprotalent.md\/index.php?rest_route=\/wp\/v2\/posts\/9375","targetHints":{"allow":["GET"]}}],"collection":[{"href":"https:\/\/www.liceulprometeuprotalent.md\/index.php?rest_route=\/wp\/v2\/posts"}],"about":[{"href":"https:\/\/www.liceulprometeuprotalent.md\/index.php?rest_route=\/wp\/v2\/types\/post"}],"author":[{"embeddable":true,"href":"https:\/\/www.liceulprometeuprotalent.md\/index.php?rest_route=\/wp\/v2\/users\/1"}],"replies":[{"embeddable":true,"href":"https:\/\/www.liceulprometeuprotalent.md\/index.php?rest_route=%2Fwp%2Fv2%2Fcomments&post=9375"}],"version-history":[{"count":1,"href":"https:\/\/www.liceulprometeuprotalent.md\/index.php?rest_route=\/wp\/v2\/posts\/9375\/revisions"}],"predecessor-version":[{"id":9379,"href":"https:\/\/www.liceulprometeuprotalent.md\/index.php?rest_route=\/wp\/v2\/posts\/9375\/revisions\/9379"}],"wp:featuredmedia":[{"embeddable":true,"href":"https:\/\/www.liceulprometeuprotalent.md\/index.php?rest_route=\/wp\/v2\/media\/9377"}],"wp:attachment":[{"href":"https:\/\/www.liceulprometeuprotalent.md\/index.php?rest_route=%2Fwp%2Fv2%2Fmedia&parent=9375"}],"wp:term":[{"taxonomy":"category","embeddable":true,"href":"https:\/\/www.liceulprometeuprotalent.md\/index.php?rest_route=%2Fwp%2Fv2%2Fcategories&post=9375"},{"taxonomy":"post_tag","embeddable":true,"href":"https:\/\/www.liceulprometeuprotalent.md\/index.php?rest_route=%2Fwp%2Fv2%2Ftags&post=9375"}],"curies":[{"name":"wp","href":"https:\/\/api.w.org\/{rel}","templated":true}]}}