{"id":9403,"date":"2026-03-04T12:27:32","date_gmt":"2026-03-04T12:27:32","guid":{"rendered":"https:\/\/www.liceulprometeuprotalent.md\/?p=9403"},"modified":"2026-03-04T12:27:32","modified_gmt":"2026-03-04T12:27:32","slug":"martisor-fir-de-lumina","status":"publish","type":"post","link":"https:\/\/www.liceulprometeuprotalent.md\/?p=9403","title":{"rendered":",,M\u0103r\u021bi\u0219or \u2013 fir de lumin\u0103\u201d"},"content":{"rendered":"<p>Un M\u0103r\u021bi\u0219or \u00eempletit din minunate c\u00e2ntece \u0219i poezii au prins la pieptul iubitelor profesoare elevii Liceului de Creativitate \u0219i Inventic\u0103 \u201ePrometeu-Protalent\u201d \u00een ziua de 3 martie 2026. Ei au urcat pe scena S\u0103lii de festivit\u0103\u021bi, inspira\u021bi de suflul prim\u0103verii, ca s\u0103-\u0219i exprime cele mai sincere sentimente fa\u021b\u0103 de cadrele didactice, cu care urc\u0103 m\u00e2n\u0103 \u00een m\u00e2n\u0103, um\u0103r la um\u0103r, \u00een fiecare zi, pe culmile cunoa\u0219terii.<\/p>\n<p>Primele emo\u021bii ale frumosului eveniment, intitulat \u201eM\u0103r\u021bi\u0219or \u2013 fir de lumin\u0103\u201d, au fost transmise de prezentatorii Raluca-Cristiana Cazacu din clasa a X-a \u201eB\u201d \u0219i Gabriel Li\u021bcan din clasa a VIII-a \u201eC\u201d. Ei s-au l\u0103sat purta\u021bi de feeria \u00eenceputului de prim\u0103var\u0103, \u00eenve\u0219m\u00e2nt\u00e2ndu-l \u00een iscusite metafore, menite, vorba lor, s\u0103 celebreze frumuse\u021bea, ging\u0103\u0219ia \u0219i for\u021ba feminin\u0103.<\/p>\n<p>Apoi, printre intercal\u0103rile lor \u00eenaripate, \u00een acord cu atmosfera vibrant\u0103 a anotimpului re\u00eennoirii, au evoluat r\u00e2nd pe r\u00e2nd:<\/p>\n<p>Gabriel Rodideal din clasa a X-a \u201eB\u201d cu celebra pies\u0103 \u201ePrim\u0103vara\u201d, pe versurile lui Andrei Str\u00e2mbeanu \u0219i muzica lui Mihai Dolgan;<\/p>\n<p>ansamblul \u201ePrometeu\u201d cu duioasele c\u00e2ntece \u201eM\u0103r\u021bi\u0219or\u201d \u0219i ,,Mama, doar mama\u201d;<\/p>\n<p>cercul de dic\u021bie \u0219i arta vorbirii al claselor I cu un moment poetic dedicat femeii-mam\u0103;<\/p>\n<p>Sofia Condurachi din clasa a II-a \u201eA\u201d cu un dans modern, gra\u021bios \u0219i expresiv;<\/p>\n<p>Vitalia Butucel din clasa a IX-a \u201eC\u201d cu renumita poezie ,,C\u00e2ntec femeiesc\u201d de Adrian P\u0103unescu.<\/p>\n<p>A \u00eencheiat aceast\u0103 rev\u0103rsare de poezii \u0219i melodii prin care a fost c\u00e2ntat chipul femeii, acela\u0219i Gabriel Rodideal cu arhicunoscuta pies\u0103 din repertoriul lui Ion Aldea-Teodorovici ,,S\u0103rut, femeie, m\u00e2na ta\u201d, iar prezentatorii n-au pregetat s\u0103 adauge \u00een adresa doamnelor profesoare c\u0103rora le-a fost dedicat spectacolul: \u201eAst\u0103zi spunem simplu, dar din inim\u0103: MUL\u021aUMIM! Pentru r\u0103bdare, pentru sfaturi, pentru credin\u021ba neclintit\u0103 c\u0103 putem fi mai buni dec\u00e2t ieri. V\u0103 promitem, iubitele noastre profesoare, c\u0103 vom \u0219ti s\u0103 pre\u021buim sprijinul \u0219i lumina pe care ne-o d\u0103rui\u021bi zi de zi \u0219i vom fi ve\u0219nic recunosc\u0103tori\u201d.<\/p>\n<p>Desigur, ca \u00eentotdeauna \u0219i \u00een toate cazurile, spectacolul elevilor a avut mentorii s\u0103i, pe care niciodat\u0103 nu trebuie s\u0103 obosim a-i numi: doamna Angela Miron, director adjunct pentru educa\u021bie, treapta gimnazial\u0103 \u0219i liceal\u0103, ini\u021biatoarea \u0219i arhitecta principal\u0103 a acestei activit\u0103\u021bi extra\u0219colare, doamna Cristina Brunchi, director adjunct pentru educa\u021bie, sus\u021bin\u0103toarea dedicat\u0103 a acestei ini\u021biative \u0219i, neap\u0103rat, doamna Diana Decusear\u0103-Onic\u0103, \u0219efa cercului de dic\u021bie \u0219i arta vorbirii, artist\u0103 a poporului, care \u00eempreun\u0103 cu domnul Veaceslav Adam, profesor de educa\u021bie muzical\u0103, au f\u0103cut ca muzica \u0219i cuv\u00e2ntul s\u0103 r\u0103sune armonios \u0219i impecabil \u00een aceast\u0103 fascinant\u0103 manifestare de pioas\u0103 recuno\u0219tin\u021b\u0103.<\/p>\n<p>Prim\u0103vara, cu m\u0103r\u021bi\u0219orul la piept, s\u0103-\u0219i g\u0103seasc\u0103 s\u0103la\u0219 permanent \u00een inimile Dumneavoastr\u0103, stimate cadre didactice!<\/p>\n<p>Felicit\u0103ri tuturor!<\/p>\n","protected":false},"excerpt":{"rendered":"<p>Un M\u0103r\u021bi\u0219or \u00eempletit din minunate c\u00e2ntece \u0219i poezii au prins la pieptul iubitelor profesoare elevii Liceului de Creativitate \u0219i Inventic\u0103 \u201ePrometeu-Protalent\u201d \u00een ziua de 3 martie 2026. Ei au urcat pe scena S\u0103lii de festivit\u0103\u021bi, inspira\u021bi de suflul prim\u0103verii, ca s\u0103-\u0219i exprime cele mai sincere sentimente fa\u021b\u0103 de cadrele didactice, cu care urc\u0103 m\u00e2n\u0103 \u00een [&hellip;]<\/p>\n","protected":false},"author":1,"featured_media":9404,"comment_status":"open","ping_status":"open","sticky":false,"template":"","format":"standard","meta":{"_price":"","_stock":"","_tribe_ticket_header":"","_tribe_default_ticket_provider":"","_tribe_ticket_capacity":"0","_ticket_start_date":"","_ticket_end_date":"","_tribe_ticket_show_description":"","_tribe_ticket_show_not_going":false,"_tribe_ticket_use_global_stock":"","_tribe_ticket_global_stock_level":"","_global_stock_mode":"","_global_stock_cap":"","_tribe_rsvp_for_event":"","_tribe_ticket_going_count":"","_tribe_ticket_not_going_count":"","_tribe_tickets_list":"[]","_tribe_ticket_has_attendee_info_fields":false,"footnotes":""},"categories":[89,80,1],"tags":[],"class_list":["post-9403","post","type-post","status-publish","format-standard","has-post-thumbnail","hentry","category-blog","category-toate-categoriile","category-uncategorized"],"_links":{"self":[{"href":"https:\/\/www.liceulprometeuprotalent.md\/index.php?rest_route=\/wp\/v2\/posts\/9403","targetHints":{"allow":["GET"]}}],"collection":[{"href":"https:\/\/www.liceulprometeuprotalent.md\/index.php?rest_route=\/wp\/v2\/posts"}],"about":[{"href":"https:\/\/www.liceulprometeuprotalent.md\/index.php?rest_route=\/wp\/v2\/types\/post"}],"author":[{"embeddable":true,"href":"https:\/\/www.liceulprometeuprotalent.md\/index.php?rest_route=\/wp\/v2\/users\/1"}],"replies":[{"embeddable":true,"href":"https:\/\/www.liceulprometeuprotalent.md\/index.php?rest_route=%2Fwp%2Fv2%2Fcomments&post=9403"}],"version-history":[{"count":1,"href":"https:\/\/www.liceulprometeuprotalent.md\/index.php?rest_route=\/wp\/v2\/posts\/9403\/revisions"}],"predecessor-version":[{"id":9405,"href":"https:\/\/www.liceulprometeuprotalent.md\/index.php?rest_route=\/wp\/v2\/posts\/9403\/revisions\/9405"}],"wp:featuredmedia":[{"embeddable":true,"href":"https:\/\/www.liceulprometeuprotalent.md\/index.php?rest_route=\/wp\/v2\/media\/9404"}],"wp:attachment":[{"href":"https:\/\/www.liceulprometeuprotalent.md\/index.php?rest_route=%2Fwp%2Fv2%2Fmedia&parent=9403"}],"wp:term":[{"taxonomy":"category","embeddable":true,"href":"https:\/\/www.liceulprometeuprotalent.md\/index.php?rest_route=%2Fwp%2Fv2%2Fcategories&post=9403"},{"taxonomy":"post_tag","embeddable":true,"href":"https:\/\/www.liceulprometeuprotalent.md\/index.php?rest_route=%2Fwp%2Fv2%2Ftags&post=9403"}],"curies":[{"name":"wp","href":"https:\/\/api.w.org\/{rel}","templated":true}]}}