{"id":9406,"date":"2026-03-04T12:32:38","date_gmt":"2026-03-04T12:32:38","guid":{"rendered":"https:\/\/www.liceulprometeuprotalent.md\/?p=9406"},"modified":"2026-03-04T12:32:38","modified_gmt":"2026-03-04T12:32:38","slug":"excelenta-la-concursul-ars-poetica","status":"publish","type":"post","link":"https:\/\/www.liceulprometeuprotalent.md\/?p=9406","title":{"rendered":"Excelen\u021b\u0103 la Concursul \u201eArs poetica\u201d"},"content":{"rendered":"<p>Recitatoarea noastr\u0103 excep\u021bional\u0103 Vitalia Butucel din clasa a IX-a \u201eC\u201d a Liceului de Creativitate \u0219i Inventic\u0103 \u201ePrometeu-Protalent\u201d a ob\u021binut <strong>Marele Premiu<\/strong> la Concursul \u201eArs poetica\u201d, etapa municipal\u0103, care a avut loc pe data de 26 februarie 2026. Vitalia nu este la prima ei victorie c\u00e2nd e vorba de poezie. Vocea ei treze\u0219te emo\u021bii la fiecare s\u0103rb\u0103toare din cadrul institu\u021biei noastre, dar \u0219i la orice alte concursuri la care particip\u0103 cu mult entuziasm. Ea a fost \u00eencurajat\u0103 \u0219i sus\u021binut\u0103 la aceast\u0103 important\u0103 competi\u021bie de doamna Angela Miron, profesoar\u0103 de limba \u0219i literatura rom\u00e2n\u0103, grad didactic superior, director adjunct pentru educa\u021bie, treapta gimnazial\u0103 \u0219i liceal\u0103.<\/p>\n<p>La Concursul \u201eArs Poetica\u201d a participat \u0219i Anastasia Ursu din clasa a IV-a \u201eC\u201d. Anastasia a ob\u021binut <strong>Premiul II<\/strong> la categoria ei de v\u00e2rst\u0103, fiind motivat\u0103 \u0219i \u00eendrumat\u0103 de doamna Snejana Gogolev-Pahomea, \u00eenv\u0103\u021b\u0103toare, grad didactic I.<\/p>\n<p>Bravo, fetelor! V\u0103 admir\u0103m la fiecare evoluare \u0219i ne bucur\u0103m pentru pasiunea voastr\u0103 fa\u021b\u0103 de poezie \u0219i arta cuv\u00e2ntului.<\/p>\n<p>Exprim\u0103m felicit\u0103ri \u0219i mul\u021bumiri doamnelor Angela Miron \u0219i Snejana Gogolev-Pahomea, care cultiv\u0103 cu deosebit\u0103 m\u0103iestrie dragostea discipolilor fa\u021b\u0103 de poezie, ca form\u0103 de cunoa\u0219tere \u0219i tr\u0103ire estetic\u0103.<\/p>\n","protected":false},"excerpt":{"rendered":"<p>Recitatoarea noastr\u0103 excep\u021bional\u0103 Vitalia Butucel din clasa a IX-a \u201eC\u201d a Liceului de Creativitate \u0219i Inventic\u0103 \u201ePrometeu-Protalent\u201d a ob\u021binut Marele Premiu la Concursul \u201eArs poetica\u201d, etapa municipal\u0103, care a avut loc pe data de 26 februarie 2026. Vitalia nu este la prima ei victorie c\u00e2nd e vorba de poezie. Vocea ei treze\u0219te emo\u021bii la fiecare [&hellip;]<\/p>\n","protected":false},"author":1,"featured_media":9407,"comment_status":"open","ping_status":"open","sticky":false,"template":"","format":"standard","meta":{"_price":"","_stock":"","_tribe_ticket_header":"","_tribe_default_ticket_provider":"","_tribe_ticket_capacity":"0","_ticket_start_date":"","_ticket_end_date":"","_tribe_ticket_show_description":"","_tribe_ticket_show_not_going":false,"_tribe_ticket_use_global_stock":"","_tribe_ticket_global_stock_level":"","_global_stock_mode":"","_global_stock_cap":"","_tribe_rsvp_for_event":"","_tribe_ticket_going_count":"","_tribe_ticket_not_going_count":"","_tribe_tickets_list":"[]","_tribe_ticket_has_attendee_info_fields":false,"footnotes":""},"categories":[89,80,1],"tags":[],"class_list":["post-9406","post","type-post","status-publish","format-standard","has-post-thumbnail","hentry","category-blog","category-toate-categoriile","category-uncategorized"],"_links":{"self":[{"href":"https:\/\/www.liceulprometeuprotalent.md\/index.php?rest_route=\/wp\/v2\/posts\/9406","targetHints":{"allow":["GET"]}}],"collection":[{"href":"https:\/\/www.liceulprometeuprotalent.md\/index.php?rest_route=\/wp\/v2\/posts"}],"about":[{"href":"https:\/\/www.liceulprometeuprotalent.md\/index.php?rest_route=\/wp\/v2\/types\/post"}],"author":[{"embeddable":true,"href":"https:\/\/www.liceulprometeuprotalent.md\/index.php?rest_route=\/wp\/v2\/users\/1"}],"replies":[{"embeddable":true,"href":"https:\/\/www.liceulprometeuprotalent.md\/index.php?rest_route=%2Fwp%2Fv2%2Fcomments&post=9406"}],"version-history":[{"count":1,"href":"https:\/\/www.liceulprometeuprotalent.md\/index.php?rest_route=\/wp\/v2\/posts\/9406\/revisions"}],"predecessor-version":[{"id":9408,"href":"https:\/\/www.liceulprometeuprotalent.md\/index.php?rest_route=\/wp\/v2\/posts\/9406\/revisions\/9408"}],"wp:featuredmedia":[{"embeddable":true,"href":"https:\/\/www.liceulprometeuprotalent.md\/index.php?rest_route=\/wp\/v2\/media\/9407"}],"wp:attachment":[{"href":"https:\/\/www.liceulprometeuprotalent.md\/index.php?rest_route=%2Fwp%2Fv2%2Fmedia&parent=9406"}],"wp:term":[{"taxonomy":"category","embeddable":true,"href":"https:\/\/www.liceulprometeuprotalent.md\/index.php?rest_route=%2Fwp%2Fv2%2Fcategories&post=9406"},{"taxonomy":"post_tag","embeddable":true,"href":"https:\/\/www.liceulprometeuprotalent.md\/index.php?rest_route=%2Fwp%2Fv2%2Ftags&post=9406"}],"curies":[{"name":"wp","href":"https:\/\/api.w.org\/{rel}","templated":true}]}}