{"id":9421,"date":"2026-03-09T13:57:14","date_gmt":"2026-03-09T13:57:14","guid":{"rendered":"https:\/\/www.liceulprometeuprotalent.md\/?p=9421"},"modified":"2026-03-09T13:57:14","modified_gmt":"2026-03-09T13:57:14","slug":"perseverenta-tenacitate-victorie","status":"publish","type":"post","link":"https:\/\/www.liceulprometeuprotalent.md\/?p=9421","title":{"rendered":"Perseveren\u021b\u0103, tenacitate, victorie!"},"content":{"rendered":"<p>Cu <strong>Diplom\u0103 de gradul I<\/strong> au fost apreciate cuno\u0219tin\u021bele la limba francez\u0103 ale lui <strong>Nikita Gavrilov<\/strong> din clasa a IX-a a Liceului de Creativitate \u0219i Inventic\u0103 \u201ePrometeu-Protalent\u201d la Olimpiada republican\u0103 la limbi str\u0103ine (limba francez\u0103). Nichita este unul din cei 40 de premian\u021bi la limba francez\u0103 din \u00eentreaga republic\u0103 \u0219i unicul care a ob\u021binut <strong>Premiul I.<\/strong><\/p>\n<p>Aceste performan\u021be deosebite au fost posibile gra\u021bie str\u0103duin\u021bei \u0219i perseveren\u021bei elevului nostru, c\u00e2t \u0219i profesionalismului \u0219i d\u0103ruirii doamnei <strong>Zinaida V\u00eerlan<\/strong>, directoarea Liceului \u201ePrometeu-Protalent\u201d, profesoar\u0103 de limba francez\u0103, grad didactic superior, care l-a preg\u0103tit \u0219i \u00eencurajat s\u0103 \u00eenve\u021be cu st\u0103ruin\u021b\u0103 \u0219i tenacitate pentru c\u0103 \u201evictoria e dincolo de imposibil\u201d.<\/p>\n<p>Olimpiada republican\u0103 la limbi str\u0103ine (limba francez\u0103) s-a desf\u0103\u0219urat \u00een perioada 4-6 martie 2026. Ea este organizat\u0103 anual de Agen\u021bia Na\u021bional\u0103 pentru Curriculum \u0219i Evaluare din cadrul Ministerului Educa\u021biei \u0219i Cercet\u0103rii, cu suportul Consiliului Olimpic Republican \u0219i al membrilor juriului.<\/p>\n<p>Men\u021bion\u0103m c\u0103 elevilor claselor a IX-a \u0219i a XII-a, de\u021bin\u0103tori ai diplomelor de gradul I, II \u0219i III \u00een cadrul olimpiadelor republicane la disciplinele \u0219colare desf\u0103\u0219urate \u00een anul absolvirii, li se poate acorda nota \u201e10\u201d (zece) din oficiu, la proba de examen la aceea\u0219i disciplin\u0103, \u00een cadrul examenelor na\u021bionale de absolvire din \u00eenv\u0103\u021b\u0103m\u00e2ntul general.<\/p>\n<p>Bravo, Nikita! E\u0219ti un poten\u021bial candidat pentru a primi nota 10 din oficiu. Ne bucur\u0103m mult pentru performan\u021bele tale.<\/p>\n<p>Felicit\u0103ri, distins\u0103 doamn\u0103 profesoar\u0103 <strong>Zinaida V\u00eerlan<\/strong>! Discipolii Dumneavoastr\u0103 au ob\u021binut\u00a0 mereu locuri de frunte la diverse competi\u021bii republicane \u0219i interna\u021bionale, fapt pentru care v\u0103 mul\u021bumim \u0219i v\u0103 apreciem!<\/p>\n<p><img decoding=\"async\" class=\"alignnone size-full wp-image-9422\" src=\"https:\/\/www.liceulprometeuprotalent.md\/wp-content\/uploads\/2026\/03\/viber_image_2026-03-09_10-59-23-045.jpg\" alt=\"\" width=\"1600\" height=\"900\" srcset=\"https:\/\/www.liceulprometeuprotalent.md\/wp-content\/uploads\/2026\/03\/viber_image_2026-03-09_10-59-23-045-200x113.jpg 200w, https:\/\/www.liceulprometeuprotalent.md\/wp-content\/uploads\/2026\/03\/viber_image_2026-03-09_10-59-23-045-300x169.jpg 300w, https:\/\/www.liceulprometeuprotalent.md\/wp-content\/uploads\/2026\/03\/viber_image_2026-03-09_10-59-23-045-400x225.jpg 400w, https:\/\/www.liceulprometeuprotalent.md\/wp-content\/uploads\/2026\/03\/viber_image_2026-03-09_10-59-23-045-600x338.jpg 600w, https:\/\/www.liceulprometeuprotalent.md\/wp-content\/uploads\/2026\/03\/viber_image_2026-03-09_10-59-23-045-768x432.jpg 768w, https:\/\/www.liceulprometeuprotalent.md\/wp-content\/uploads\/2026\/03\/viber_image_2026-03-09_10-59-23-045-800x450.jpg 800w, https:\/\/www.liceulprometeuprotalent.md\/wp-content\/uploads\/2026\/03\/viber_image_2026-03-09_10-59-23-045-1024x576.jpg 1024w, https:\/\/www.liceulprometeuprotalent.md\/wp-content\/uploads\/2026\/03\/viber_image_2026-03-09_10-59-23-045-1200x675.jpg 1200w, https:\/\/www.liceulprometeuprotalent.md\/wp-content\/uploads\/2026\/03\/viber_image_2026-03-09_10-59-23-045-1536x864.jpg 1536w, https:\/\/www.liceulprometeuprotalent.md\/wp-content\/uploads\/2026\/03\/viber_image_2026-03-09_10-59-23-045.jpg 1600w\" sizes=\"(max-width: 1600px) 100vw, 1600px\" \/> <img decoding=\"async\" class=\"alignnone size-full wp-image-9423\" src=\"https:\/\/www.liceulprometeuprotalent.md\/wp-content\/uploads\/2026\/03\/viber_image_2026-03-09_10-59-24-370.jpg\" alt=\"\" width=\"1600\" height=\"1200\" srcset=\"https:\/\/www.liceulprometeuprotalent.md\/wp-content\/uploads\/2026\/03\/viber_image_2026-03-09_10-59-24-370-200x150.jpg 200w, https:\/\/www.liceulprometeuprotalent.md\/wp-content\/uploads\/2026\/03\/viber_image_2026-03-09_10-59-24-370-300x225.jpg 300w, https:\/\/www.liceulprometeuprotalent.md\/wp-content\/uploads\/2026\/03\/viber_image_2026-03-09_10-59-24-370-400x300.jpg 400w, https:\/\/www.liceulprometeuprotalent.md\/wp-content\/uploads\/2026\/03\/viber_image_2026-03-09_10-59-24-370-600x450.jpg 600w, https:\/\/www.liceulprometeuprotalent.md\/wp-content\/uploads\/2026\/03\/viber_image_2026-03-09_10-59-24-370-768x576.jpg 768w, https:\/\/www.liceulprometeuprotalent.md\/wp-content\/uploads\/2026\/03\/viber_image_2026-03-09_10-59-24-370-800x600.jpg 800w, https:\/\/www.liceulprometeuprotalent.md\/wp-content\/uploads\/2026\/03\/viber_image_2026-03-09_10-59-24-370-1024x768.jpg 1024w, https:\/\/www.liceulprometeuprotalent.md\/wp-content\/uploads\/2026\/03\/viber_image_2026-03-09_10-59-24-370-1200x900.jpg 1200w, https:\/\/www.liceulprometeuprotalent.md\/wp-content\/uploads\/2026\/03\/viber_image_2026-03-09_10-59-24-370-1536x1152.jpg 1536w, https:\/\/www.liceulprometeuprotalent.md\/wp-content\/uploads\/2026\/03\/viber_image_2026-03-09_10-59-24-370.jpg 1600w\" sizes=\"(max-width: 1600px) 100vw, 1600px\" \/><\/p>\n","protected":false},"excerpt":{"rendered":"<p>Cu Diplom\u0103 de gradul I au fost apreciate cuno\u0219tin\u021bele la limba francez\u0103 ale lui Nikita Gavrilov din clasa a IX-a a Liceului de Creativitate \u0219i Inventic\u0103 \u201ePrometeu-Protalent\u201d la Olimpiada republican\u0103 la limbi str\u0103ine (limba francez\u0103). Nichita este unul din cei 40 de premian\u021bi la limba francez\u0103 din \u00eentreaga republic\u0103 \u0219i unicul care a ob\u021binut Premiul [&hellip;]<\/p>\n","protected":false},"author":1,"featured_media":9422,"comment_status":"open","ping_status":"open","sticky":false,"template":"","format":"standard","meta":{"_price":"","_stock":"","_tribe_ticket_header":"","_tribe_default_ticket_provider":"","_tribe_ticket_capacity":"0","_ticket_start_date":"","_ticket_end_date":"","_tribe_ticket_show_description":"","_tribe_ticket_show_not_going":false,"_tribe_ticket_use_global_stock":"","_tribe_ticket_global_stock_level":"","_global_stock_mode":"","_global_stock_cap":"","_tribe_rsvp_for_event":"","_tribe_ticket_going_count":"","_tribe_ticket_not_going_count":"","_tribe_tickets_list":"[]","_tribe_ticket_has_attendee_info_fields":false,"footnotes":""},"categories":[89,80,1],"tags":[],"class_list":["post-9421","post","type-post","status-publish","format-standard","has-post-thumbnail","hentry","category-blog","category-toate-categoriile","category-uncategorized"],"_links":{"self":[{"href":"https:\/\/www.liceulprometeuprotalent.md\/index.php?rest_route=\/wp\/v2\/posts\/9421","targetHints":{"allow":["GET"]}}],"collection":[{"href":"https:\/\/www.liceulprometeuprotalent.md\/index.php?rest_route=\/wp\/v2\/posts"}],"about":[{"href":"https:\/\/www.liceulprometeuprotalent.md\/index.php?rest_route=\/wp\/v2\/types\/post"}],"author":[{"embeddable":true,"href":"https:\/\/www.liceulprometeuprotalent.md\/index.php?rest_route=\/wp\/v2\/users\/1"}],"replies":[{"embeddable":true,"href":"https:\/\/www.liceulprometeuprotalent.md\/index.php?rest_route=%2Fwp%2Fv2%2Fcomments&post=9421"}],"version-history":[{"count":1,"href":"https:\/\/www.liceulprometeuprotalent.md\/index.php?rest_route=\/wp\/v2\/posts\/9421\/revisions"}],"predecessor-version":[{"id":9424,"href":"https:\/\/www.liceulprometeuprotalent.md\/index.php?rest_route=\/wp\/v2\/posts\/9421\/revisions\/9424"}],"wp:featuredmedia":[{"embeddable":true,"href":"https:\/\/www.liceulprometeuprotalent.md\/index.php?rest_route=\/wp\/v2\/media\/9422"}],"wp:attachment":[{"href":"https:\/\/www.liceulprometeuprotalent.md\/index.php?rest_route=%2Fwp%2Fv2%2Fmedia&parent=9421"}],"wp:term":[{"taxonomy":"category","embeddable":true,"href":"https:\/\/www.liceulprometeuprotalent.md\/index.php?rest_route=%2Fwp%2Fv2%2Fcategories&post=9421"},{"taxonomy":"post_tag","embeddable":true,"href":"https:\/\/www.liceulprometeuprotalent.md\/index.php?rest_route=%2Fwp%2Fv2%2Ftags&post=9421"}],"curies":[{"name":"wp","href":"https:\/\/api.w.org\/{rel}","templated":true}]}}