{"id":9539,"date":"2026-04-27T13:00:49","date_gmt":"2026-04-27T13:00:49","guid":{"rendered":"https:\/\/www.liceulprometeuprotalent.md\/?p=9539"},"modified":"2026-04-27T13:00:49","modified_gmt":"2026-04-27T13:00:49","slug":"o-zi-fascinanta-la-liceul-prometeu-protalent","status":"publish","type":"post","link":"https:\/\/www.liceulprometeuprotalent.md\/?p=9539","title":{"rendered":"O zi fascinant\u0103 la Liceul \u201ePrometeu-Protalent\u201d"},"content":{"rendered":"<p>Activit\u0103\u021bile diverse, inedite \u0219i vibrante, din ziua de 24 aprilie 2026, au \u00eencununat invariabil S\u0103pt\u0103m\u00e2na Limbii Engleze la Liceul de Creativitate \u0219i Inventic\u0103 \u201ePrometeu-Protalent\u201d.<\/p>\n<p>Pe l\u00e2ng\u0103 lec\u021biile propriu-zise, dedicate Zilei Limbii Engleze, la fiecare pauz\u0103, incinta Liceului a r\u0103sunat de ritmuri ale muzicii engleze, chem\u00e2ndu-i pe elevi, \u00eencep\u00e2nd din clasele I p\u00e2n\u0103 \u00een clasele a IV-a, s\u0103 danseze \u0219i s\u0103 c\u00e2nte \u00eempreun\u0103 cu cadrele didactice, a\u0219a \u00eenc\u00e2t atmosfera din Liceu s\u0103 palpite de energie, entuziasm \u0219i veselie, precum doar la s\u0103rb\u0103tori adev\u0103rate se poate \u00eent\u00e2mpla. Tot \u00een cadrul acestor activit\u0103\u021bi, elevii claselor a II-a \u0219i a III-a, inspira\u021bi de Ziua P\u0103m\u00e2ntului, s\u0103rb\u0103torit\u0103 anual la nivel mondial pe data de 22 aprilie, au reamintit de grija permanent\u0103 pe care trebuie s-o purt\u0103m Planetei pe care tr\u0103im.<\/p>\n<p>Creatorii acestei minunate st\u0103ri de spirit au fost cadrele didactice din cadrul Comisiei metodice Limbi Str\u0103ine \u0219i ai catedrei de geografie, care, al\u0103turi de dirigin\u021bii claselor primare, i-au inspirat pe elevii s\u0103 tr\u0103iasc\u0103 altfel aceast\u0103 s\u0103rb\u0103toare.<\/p>\n<p>Fascinant, divers, cognitiv, emotiv \u0219i distractiv a fost programul artistic, prezentat de elevii claselor de gimnaziu \u0219i liceu, care i-au \u00eenc\u00e2ntat pe cei prezen\u021bi cu cele mai populare melodii \u00een limba englez\u0103, inclusiv cu expuneri, care au excelat prin exprimare \u0219i pronun\u021bie corect\u0103.<\/p>\n<p>Ini\u021biatoarea \u0219i coordonatoarea programului artistic a fost doamna Nelly-Neonila Portas, \u0219efa Comisiei metodice, profesoar\u0103 de limba englez\u0103, fiind sus\u021binut\u0103 de colegele din Comisia metodic\u0103 Limbi str\u0103ine.<\/p>\n<p>Felicit\u0103ri, dragi elevi! Felicit\u0103ri, stimate doamne profesoare! Sunte\u021bi creatoarele unei s\u0103pt\u0103m\u00e2ni memorabile \u00een Liceul nostru.<\/p>\n<p><img decoding=\"async\" class=\"alignnone size-full wp-image-9540\" src=\"https:\/\/www.liceulprometeuprotalent.md\/wp-content\/uploads\/2026\/04\/viber_image_2026-04-26_13-11-17-796.jpg\" alt=\"\" width=\"1600\" height=\"1200\" srcset=\"https:\/\/www.liceulprometeuprotalent.md\/wp-content\/uploads\/2026\/04\/viber_image_2026-04-26_13-11-17-796-200x150.jpg 200w, https:\/\/www.liceulprometeuprotalent.md\/wp-content\/uploads\/2026\/04\/viber_image_2026-04-26_13-11-17-796-300x225.jpg 300w, https:\/\/www.liceulprometeuprotalent.md\/wp-content\/uploads\/2026\/04\/viber_image_2026-04-26_13-11-17-796-400x300.jpg 400w, https:\/\/www.liceulprometeuprotalent.md\/wp-content\/uploads\/2026\/04\/viber_image_2026-04-26_13-11-17-796-600x450.jpg 600w, https:\/\/www.liceulprometeuprotalent.md\/wp-content\/uploads\/2026\/04\/viber_image_2026-04-26_13-11-17-796-768x576.jpg 768w, https:\/\/www.liceulprometeuprotalent.md\/wp-content\/uploads\/2026\/04\/viber_image_2026-04-26_13-11-17-796-800x600.jpg 800w, https:\/\/www.liceulprometeuprotalent.md\/wp-content\/uploads\/2026\/04\/viber_image_2026-04-26_13-11-17-796-1024x768.jpg 1024w, https:\/\/www.liceulprometeuprotalent.md\/wp-content\/uploads\/2026\/04\/viber_image_2026-04-26_13-11-17-796-1200x900.jpg 1200w, https:\/\/www.liceulprometeuprotalent.md\/wp-content\/uploads\/2026\/04\/viber_image_2026-04-26_13-11-17-796-1536x1152.jpg 1536w, https:\/\/www.liceulprometeuprotalent.md\/wp-content\/uploads\/2026\/04\/viber_image_2026-04-26_13-11-17-796.jpg 1600w\" sizes=\"(max-width: 1600px) 100vw, 1600px\" \/> <img decoding=\"async\" class=\"alignnone size-full wp-image-9541\" src=\"https:\/\/www.liceulprometeuprotalent.md\/wp-content\/uploads\/2026\/04\/viber_image_2026-04-27_00-23-22-447.jpg\" alt=\"\" width=\"1600\" height=\"1205\" srcset=\"https:\/\/www.liceulprometeuprotalent.md\/wp-content\/uploads\/2026\/04\/viber_image_2026-04-27_00-23-22-447-200x151.jpg 200w, https:\/\/www.liceulprometeuprotalent.md\/wp-content\/uploads\/2026\/04\/viber_image_2026-04-27_00-23-22-447-300x226.jpg 300w, https:\/\/www.liceulprometeuprotalent.md\/wp-content\/uploads\/2026\/04\/viber_image_2026-04-27_00-23-22-447-400x301.jpg 400w, https:\/\/www.liceulprometeuprotalent.md\/wp-content\/uploads\/2026\/04\/viber_image_2026-04-27_00-23-22-447-600x452.jpg 600w, https:\/\/www.liceulprometeuprotalent.md\/wp-content\/uploads\/2026\/04\/viber_image_2026-04-27_00-23-22-447-768x578.jpg 768w, https:\/\/www.liceulprometeuprotalent.md\/wp-content\/uploads\/2026\/04\/viber_image_2026-04-27_00-23-22-447-800x603.jpg 800w, https:\/\/www.liceulprometeuprotalent.md\/wp-content\/uploads\/2026\/04\/viber_image_2026-04-27_00-23-22-447-1024x771.jpg 1024w, https:\/\/www.liceulprometeuprotalent.md\/wp-content\/uploads\/2026\/04\/viber_image_2026-04-27_00-23-22-447-1200x904.jpg 1200w, https:\/\/www.liceulprometeuprotalent.md\/wp-content\/uploads\/2026\/04\/viber_image_2026-04-27_00-23-22-447-1536x1157.jpg 1536w, https:\/\/www.liceulprometeuprotalent.md\/wp-content\/uploads\/2026\/04\/viber_image_2026-04-27_00-23-22-447.jpg 1600w\" sizes=\"(max-width: 1600px) 100vw, 1600px\" \/><\/p>\n","protected":false},"excerpt":{"rendered":"<p>Activit\u0103\u021bile diverse, inedite \u0219i vibrante, din ziua de 24 aprilie 2026, au \u00eencununat invariabil S\u0103pt\u0103m\u00e2na Limbii Engleze la Liceul de Creativitate \u0219i Inventic\u0103 \u201ePrometeu-Protalent\u201d. Pe l\u00e2ng\u0103 lec\u021biile propriu-zise, dedicate Zilei Limbii Engleze, la fiecare pauz\u0103, incinta Liceului a r\u0103sunat de ritmuri ale muzicii engleze, chem\u00e2ndu-i pe elevi, \u00eencep\u00e2nd din clasele I p\u00e2n\u0103 \u00een clasele a [&hellip;]<\/p>\n","protected":false},"author":1,"featured_media":9540,"comment_status":"open","ping_status":"open","sticky":false,"template":"","format":"standard","meta":{"_price":"","_stock":"","_tribe_ticket_header":"","_tribe_default_ticket_provider":"","_tribe_ticket_capacity":"0","_ticket_start_date":"","_ticket_end_date":"","_tribe_ticket_show_description":"","_tribe_ticket_show_not_going":false,"_tribe_ticket_use_global_stock":"","_tribe_ticket_global_stock_level":"","_global_stock_mode":"","_global_stock_cap":"","_tribe_rsvp_for_event":"","_tribe_ticket_going_count":"","_tribe_ticket_not_going_count":"","_tribe_tickets_list":"[]","_tribe_ticket_has_attendee_info_fields":false,"footnotes":""},"categories":[89,80,1],"tags":[],"class_list":["post-9539","post","type-post","status-publish","format-standard","has-post-thumbnail","hentry","category-blog","category-toate-categoriile","category-uncategorized"],"_links":{"self":[{"href":"https:\/\/www.liceulprometeuprotalent.md\/index.php?rest_route=\/wp\/v2\/posts\/9539","targetHints":{"allow":["GET"]}}],"collection":[{"href":"https:\/\/www.liceulprometeuprotalent.md\/index.php?rest_route=\/wp\/v2\/posts"}],"about":[{"href":"https:\/\/www.liceulprometeuprotalent.md\/index.php?rest_route=\/wp\/v2\/types\/post"}],"author":[{"embeddable":true,"href":"https:\/\/www.liceulprometeuprotalent.md\/index.php?rest_route=\/wp\/v2\/users\/1"}],"replies":[{"embeddable":true,"href":"https:\/\/www.liceulprometeuprotalent.md\/index.php?rest_route=%2Fwp%2Fv2%2Fcomments&post=9539"}],"version-history":[{"count":1,"href":"https:\/\/www.liceulprometeuprotalent.md\/index.php?rest_route=\/wp\/v2\/posts\/9539\/revisions"}],"predecessor-version":[{"id":9542,"href":"https:\/\/www.liceulprometeuprotalent.md\/index.php?rest_route=\/wp\/v2\/posts\/9539\/revisions\/9542"}],"wp:featuredmedia":[{"embeddable":true,"href":"https:\/\/www.liceulprometeuprotalent.md\/index.php?rest_route=\/wp\/v2\/media\/9540"}],"wp:attachment":[{"href":"https:\/\/www.liceulprometeuprotalent.md\/index.php?rest_route=%2Fwp%2Fv2%2Fmedia&parent=9539"}],"wp:term":[{"taxonomy":"category","embeddable":true,"href":"https:\/\/www.liceulprometeuprotalent.md\/index.php?rest_route=%2Fwp%2Fv2%2Fcategories&post=9539"},{"taxonomy":"post_tag","embeddable":true,"href":"https:\/\/www.liceulprometeuprotalent.md\/index.php?rest_route=%2Fwp%2Fv2%2Ftags&post=9539"}],"curies":[{"name":"wp","href":"https:\/\/api.w.org\/{rel}","templated":true}]}}