{"id":9543,"date":"2026-04-27T13:02:40","date_gmt":"2026-04-27T13:02:40","guid":{"rendered":"https:\/\/www.liceulprometeuprotalent.md\/?p=9543"},"modified":"2026-04-27T13:02:40","modified_gmt":"2026-04-27T13:02:40","slug":"bucurii-de-la-bucuresti","status":"publish","type":"post","link":"https:\/\/www.liceulprometeuprotalent.md\/?p=9543","title":{"rendered":"Bucurii de la Bucure\u0219ti"},"content":{"rendered":"<p>Bucuriile aduse de elevele Liceului de Creativitate \u0219i Inventic\u0103 \u201ePrometeu-Protalent\u201d sunt de ast\u0103 dat\u0103 de la Bucure\u0219ti, de la Concursului interdisciplinar ,,Gramatica \u2013 \u0219tiin\u021ba vorbirii,\u00a0 matematica \u2013 \u0219tiin\u021ba g\u00e2ndirii\u201d, proiect al Colegiului Na\u021bional \u201eIon Neculce\u201d, desf\u0103\u0219urat pe data de 25 aprilie 2026.<\/p>\n<p>Aceste bucurii sun\u0103 astfel:<\/p>\n<p><strong>Premiul II<\/strong> \u2013 Sofia Nagacevschi, clasa a VI-a, mentori doamna Dina Danilov, profesoar\u0103 de limba \u0219i literatura rom\u00e2n\u0103, grad didactic I \u0219i doamna Tatiana Pribega, profesoar\u0103 de matematic\u0103, grad didactic superior;<\/p>\n<p><strong>Premiul III<\/strong> \u2013 Sofia Scor\u021bescu, clasa a VI-a, mentori doamna Natalia Rusica, profesoar\u0103 de limba \u0219i literatura rom\u00e2n\u0103, grad didactic superior \u0219i doamna Maria Iarmenco, profesoar\u0103 de matematic\u0103, grad didactic superior;<\/p>\n<p><strong>Premiul III<\/strong> \u2013 M\u0103d\u0103lina B\u0103b\u0103l\u0103u, clasa a VI-a, mentori doamna Natalia Ada\u0219an, profesoar\u0103 de limba \u0219i literatura rom\u00e2n\u0103, grad didactic I \u0219i doamna Mariana Guzun, profesoar\u0103 de matematic\u0103;<\/p>\n<p><strong>Premiul III<\/strong> \u2013 Margarita Nichiforov, clasa a V-a, mentori doamna Angela Miron, director adjunct educa\u021bie, profesoar\u0103 de limba \u0219i literatura rom\u00e2n\u0103, grad didactic superior \u0219i doamna Mariana Guzun, profesoar\u0103 de matematic\u0103.<\/p>\n<p>Felicit\u0103ri elevelor premiante \u0219i doamnelor profesoare, care le-au \u00eendrumat \u0219i sprijinit pentru ob\u021binerea acestor succese remarcabile! Mul\u021bumiri \u0219i aprecieri pentru munca depus\u0103!<\/p>\n<p><strong>\u00a0<\/strong><\/p>\n<p><strong>Nota bene:<\/strong> Concursul \u201eGramatica \u2013 \u0219tiin\u021ba vorbirii, matematica \u2013 \u0219tiin\u021ba g\u00e2ndirii\u201d este o competi\u021bie cu caracter interdisciplinar ce se adreseaz\u0103 elevilor din \u00eenv\u0103\u021b\u0103m\u00e2ntul gimnazial. La concurs elevii particip\u0103 \u00een mod individual. Participan\u021bii trebuie s\u0103 dovedeasc\u0103 abilitatea de a comunica logic, corect, coerent \u0219i fluent, st\u0103p\u00e2nind limbajul \u00een rezolvarea unor situa\u021bii date. Concursul are dou\u0103 sec\u021biuni: Studiu privind cunoa\u0219terea regulilor \u0219i normelor gramaticale \u0219i Studiu privind g\u00e2ndirea logic\u0103, algoritmizarea, optimizarea \u0219i verificarea solu\u021biilor.<\/p>\n<p>Scopul acestui concurs este dob\u00e2ndirea de c\u0103tre elevi a competen\u021belor de utilizare corect\u0103 a limbii rom\u00e2ne, \u00een contexte concrete de comunicare \u0219i dezvoltarea abilit\u0103\u021bilor cognitive, logice \u0219i analitice ale copiilor, rezolvarea de probleme, abilit\u0103\u021bile de ra\u021bionament \u0219i abilit\u0103\u021bile de comunicare.<\/p>\n<p><img decoding=\"async\" class=\"alignnone size-full wp-image-9540\" src=\"https:\/\/www.liceulprometeuprotalent.md\/wp-content\/uploads\/2026\/04\/viber_image_2026-04-26_13-11-17-796.jpg\" alt=\"\" width=\"1600\" height=\"1200\" srcset=\"https:\/\/www.liceulprometeuprotalent.md\/wp-content\/uploads\/2026\/04\/viber_image_2026-04-26_13-11-17-796-200x150.jpg 200w, https:\/\/www.liceulprometeuprotalent.md\/wp-content\/uploads\/2026\/04\/viber_image_2026-04-26_13-11-17-796-300x225.jpg 300w, https:\/\/www.liceulprometeuprotalent.md\/wp-content\/uploads\/2026\/04\/viber_image_2026-04-26_13-11-17-796-400x300.jpg 400w, https:\/\/www.liceulprometeuprotalent.md\/wp-content\/uploads\/2026\/04\/viber_image_2026-04-26_13-11-17-796-600x450.jpg 600w, https:\/\/www.liceulprometeuprotalent.md\/wp-content\/uploads\/2026\/04\/viber_image_2026-04-26_13-11-17-796-768x576.jpg 768w, https:\/\/www.liceulprometeuprotalent.md\/wp-content\/uploads\/2026\/04\/viber_image_2026-04-26_13-11-17-796-800x600.jpg 800w, https:\/\/www.liceulprometeuprotalent.md\/wp-content\/uploads\/2026\/04\/viber_image_2026-04-26_13-11-17-796-1024x768.jpg 1024w, https:\/\/www.liceulprometeuprotalent.md\/wp-content\/uploads\/2026\/04\/viber_image_2026-04-26_13-11-17-796-1200x900.jpg 1200w, https:\/\/www.liceulprometeuprotalent.md\/wp-content\/uploads\/2026\/04\/viber_image_2026-04-26_13-11-17-796-1536x1152.jpg 1536w, https:\/\/www.liceulprometeuprotalent.md\/wp-content\/uploads\/2026\/04\/viber_image_2026-04-26_13-11-17-796.jpg 1600w\" sizes=\"(max-width: 1600px) 100vw, 1600px\" \/><\/p>\n","protected":false},"excerpt":{"rendered":"<p>Bucuriile aduse de elevele Liceului de Creativitate \u0219i Inventic\u0103 \u201ePrometeu-Protalent\u201d sunt de ast\u0103 dat\u0103 de la Bucure\u0219ti, de la Concursului interdisciplinar ,,Gramatica \u2013 \u0219tiin\u021ba vorbirii,\u00a0 matematica \u2013 \u0219tiin\u021ba g\u00e2ndirii\u201d, proiect al Colegiului Na\u021bional \u201eIon Neculce\u201d, desf\u0103\u0219urat pe data de 25 aprilie 2026. Aceste bucurii sun\u0103 astfel: Premiul II \u2013 Sofia Nagacevschi, clasa a VI-a, mentori [&hellip;]<\/p>\n","protected":false},"author":1,"featured_media":9540,"comment_status":"open","ping_status":"open","sticky":false,"template":"","format":"standard","meta":{"_price":"","_stock":"","_tribe_ticket_header":"","_tribe_default_ticket_provider":"","_tribe_ticket_capacity":"0","_ticket_start_date":"","_ticket_end_date":"","_tribe_ticket_show_description":"","_tribe_ticket_show_not_going":false,"_tribe_ticket_use_global_stock":"","_tribe_ticket_global_stock_level":"","_global_stock_mode":"","_global_stock_cap":"","_tribe_rsvp_for_event":"","_tribe_ticket_going_count":"","_tribe_ticket_not_going_count":"","_tribe_tickets_list":"[]","_tribe_ticket_has_attendee_info_fields":false,"footnotes":""},"categories":[89,80,1],"tags":[],"class_list":["post-9543","post","type-post","status-publish","format-standard","has-post-thumbnail","hentry","category-blog","category-toate-categoriile","category-uncategorized"],"_links":{"self":[{"href":"https:\/\/www.liceulprometeuprotalent.md\/index.php?rest_route=\/wp\/v2\/posts\/9543","targetHints":{"allow":["GET"]}}],"collection":[{"href":"https:\/\/www.liceulprometeuprotalent.md\/index.php?rest_route=\/wp\/v2\/posts"}],"about":[{"href":"https:\/\/www.liceulprometeuprotalent.md\/index.php?rest_route=\/wp\/v2\/types\/post"}],"author":[{"embeddable":true,"href":"https:\/\/www.liceulprometeuprotalent.md\/index.php?rest_route=\/wp\/v2\/users\/1"}],"replies":[{"embeddable":true,"href":"https:\/\/www.liceulprometeuprotalent.md\/index.php?rest_route=%2Fwp%2Fv2%2Fcomments&post=9543"}],"version-history":[{"count":1,"href":"https:\/\/www.liceulprometeuprotalent.md\/index.php?rest_route=\/wp\/v2\/posts\/9543\/revisions"}],"predecessor-version":[{"id":9544,"href":"https:\/\/www.liceulprometeuprotalent.md\/index.php?rest_route=\/wp\/v2\/posts\/9543\/revisions\/9544"}],"wp:featuredmedia":[{"embeddable":true,"href":"https:\/\/www.liceulprometeuprotalent.md\/index.php?rest_route=\/wp\/v2\/media\/9540"}],"wp:attachment":[{"href":"https:\/\/www.liceulprometeuprotalent.md\/index.php?rest_route=%2Fwp%2Fv2%2Fmedia&parent=9543"}],"wp:term":[{"taxonomy":"category","embeddable":true,"href":"https:\/\/www.liceulprometeuprotalent.md\/index.php?rest_route=%2Fwp%2Fv2%2Fcategories&post=9543"},{"taxonomy":"post_tag","embeddable":true,"href":"https:\/\/www.liceulprometeuprotalent.md\/index.php?rest_route=%2Fwp%2Fv2%2Ftags&post=9543"}],"curies":[{"name":"wp","href":"https:\/\/api.w.org\/{rel}","templated":true}]}}