{"id":9545,"date":"2026-04-27T13:05:44","date_gmt":"2026-04-27T13:05:44","guid":{"rendered":"https:\/\/www.liceulprometeuprotalent.md\/?p=9545"},"modified":"2026-04-27T13:05:44","modified_gmt":"2026-04-27T13:05:44","slug":"iasi-premiul-mare-pentru-camelia-munteanu","status":"publish","type":"post","link":"https:\/\/www.liceulprometeuprotalent.md\/?p=9545","title":{"rendered":"Ia\u0219i: Premiul Mare pentru Camelia Munteanu"},"content":{"rendered":"<p>Pe data de 22 aprilie 2026, Cameliei Munteanu din clasa a XII-a a Liceului de Creativitate \u0219i Inventic\u0103 \u201ePrometeu-Protalent\u201d i-a fost decernat Premiul Mare al Concursului de interpretare critic\u0103 \u201eGarabet Ibr\u0103ileanu\u201d, edi\u021bia 2026.<\/p>\n<p>Camelia e unica participant\u0103 la Concurs care a ob\u021binut 100 de puncte la toate probele competi\u021biei, iar juriul i-a apreciat presta\u021bia excelent\u0103 cu cea mai \u00eenalt\u0103 distinc\u021bie \u2013 Premiul Mare.<\/p>\n<p>Rezultatul excep\u021bional al Cameliei a fost posibil gra\u021bie propriei str\u0103duin\u021be \u0219i atitudini serioase fa\u021b\u0103 de procesul de \u00eenv\u0103\u021b\u0103m\u00e2nt, dar \u0219i sprijinului, motiva\u021biei pe care le-a avut mereu din partea doamnei Tatiana Melnic, profesoar\u0103 de limba \u0219i literatura rom\u00e2n\u0103, grad didactic superior, \u0219efa Comisiei metodice \u0218tiin\u021be Socioumanistice.<\/p>\n<p>Bravo, Camelia! Participarea ta la diverse concursuri ne aduce mereu bucurii. E\u0219ti m\u00e2ndria Liceului nostru.<\/p>\n<p>Felicit\u0103ri, distins\u0103 doamn\u0103 profesoar\u0103 Tatiana Melnic! Nu exist\u0103 competi\u021bii la care discipolii Dumneavoastr\u0103 s\u0103 nu ob\u021bin\u0103 locuri de frunte, fapt ce V\u0103 scoate \u00een eviden\u021b\u0103 profesionalismul \u0219i devotamentul pentru profesia de pedagog. V\u0103 mul\u021bumim \u0219i V\u0103 apreciem deosebit de mult!<\/p>\n<p>Recuno\u0219tin\u021b\u0103 \u0219i gratitudine exprim\u0103m institu\u021biei-gazd\u0103 a Concursului \u201eGarabet Ibr\u0103ileanu\u201d \u2013 Colegiului Na\u021bional \u201eGarabet Ibr\u0103ileanu\u201d din Ia\u0219i \u0219i distinsei doamne Cristina Chiprian, profesoar\u0103 de limba \u0219i literatura rom\u00e2n\u0103, ini\u021biatoarea \u0219i organizatoarea acestei minunate competi\u021bii.<\/p>\n<p>Festivitatea de premiere a Concursului \u201eGarabet Ibr\u0103ileanu\u201d, edi\u021bia 2026, a avut loc la Casa de Cultur\u0103 \u201eMihai Ursachi\u201d din Ia\u0219i. \u00cen cadrul Festivit\u0103\u021bii, dna Zinaida V\u00eerlan, directoarea LCI \u201ePrometeu-Protalent\u201d a vorbit audien\u021bei despre inten\u021bia nobil\u0103 a Liceului nostru de a verifica cuno\u0219tin\u021bele elevilor prin participare la diverse concursuri \u0219i a mul\u021bumit Colegiului Na\u021bional \u201eGarabet Ibr\u0103ileanu\u201d pentru parteneriatul de 16 ani dintre institu\u021biile noastre, care a adus importante beneficii ambelor p\u0103r\u021bi.<\/p>\n<p style=\"text-align: center;\"><img decoding=\"async\" class=\"alignnone wp-image-9546 \" src=\"https:\/\/www.liceulprometeuprotalent.md\/wp-content\/uploads\/2026\/04\/viber_image_2026-04-24_13-19-35-952-400x866.jpg\" alt=\"\" width=\"246\" height=\"532\" srcset=\"https:\/\/www.liceulprometeuprotalent.md\/wp-content\/uploads\/2026\/04\/viber_image_2026-04-24_13-19-35-952-139x300.jpg 139w, https:\/\/www.liceulprometeuprotalent.md\/wp-content\/uploads\/2026\/04\/viber_image_2026-04-24_13-19-35-952-200x433.jpg 200w, https:\/\/www.liceulprometeuprotalent.md\/wp-content\/uploads\/2026\/04\/viber_image_2026-04-24_13-19-35-952-400x866.jpg 400w, https:\/\/www.liceulprometeuprotalent.md\/wp-content\/uploads\/2026\/04\/viber_image_2026-04-24_13-19-35-952-473x1024.jpg 473w, https:\/\/www.liceulprometeuprotalent.md\/wp-content\/uploads\/2026\/04\/viber_image_2026-04-24_13-19-35-952-600x1299.jpg 600w, https:\/\/www.liceulprometeuprotalent.md\/wp-content\/uploads\/2026\/04\/viber_image_2026-04-24_13-19-35-952-709x1536.jpg 709w, https:\/\/www.liceulprometeuprotalent.md\/wp-content\/uploads\/2026\/04\/viber_image_2026-04-24_13-19-35-952.jpg 739w\" sizes=\"(max-width: 246px) 100vw, 246px\" \/> \u00a0<img decoding=\"async\" class=\"alignnone wp-image-9547 size-fusion-400\" src=\"https:\/\/www.liceulprometeuprotalent.md\/wp-content\/uploads\/2026\/04\/viber_image_2026-04-24_13-19-33-709-400x533.jpg\" alt=\"\" width=\"400\" height=\"533\" srcset=\"https:\/\/www.liceulprometeuprotalent.md\/wp-content\/uploads\/2026\/04\/viber_image_2026-04-24_13-19-33-709-200x267.jpg 200w, https:\/\/www.liceulprometeuprotalent.md\/wp-content\/uploads\/2026\/04\/viber_image_2026-04-24_13-19-33-709-225x300.jpg 225w, https:\/\/www.liceulprometeuprotalent.md\/wp-content\/uploads\/2026\/04\/viber_image_2026-04-24_13-19-33-709-400x533.jpg 400w, https:\/\/www.liceulprometeuprotalent.md\/wp-content\/uploads\/2026\/04\/viber_image_2026-04-24_13-19-33-709-600x800.jpg 600w, https:\/\/www.liceulprometeuprotalent.md\/wp-content\/uploads\/2026\/04\/viber_image_2026-04-24_13-19-33-709-768x1024.jpg 768w, https:\/\/www.liceulprometeuprotalent.md\/wp-content\/uploads\/2026\/04\/viber_image_2026-04-24_13-19-33-709-800x1067.jpg 800w, https:\/\/www.liceulprometeuprotalent.md\/wp-content\/uploads\/2026\/04\/viber_image_2026-04-24_13-19-33-709-1152x1536.jpg 1152w, https:\/\/www.liceulprometeuprotalent.md\/wp-content\/uploads\/2026\/04\/viber_image_2026-04-24_13-19-33-709.jpg 1200w\" sizes=\"(max-width: 400px) 100vw, 400px\" \/><\/p>\n","protected":false},"excerpt":{"rendered":"<p>Pe data de 22 aprilie 2026, Cameliei Munteanu din clasa a XII-a a Liceului de Creativitate \u0219i Inventic\u0103 \u201ePrometeu-Protalent\u201d i-a fost decernat Premiul Mare al Concursului de interpretare critic\u0103 \u201eGarabet Ibr\u0103ileanu\u201d, edi\u021bia 2026. Camelia e unica participant\u0103 la Concurs care a ob\u021binut 100 de puncte la toate probele competi\u021biei, iar juriul i-a apreciat presta\u021bia excelent\u0103 [&hellip;]<\/p>\n","protected":false},"author":1,"featured_media":9547,"comment_status":"open","ping_status":"open","sticky":false,"template":"","format":"standard","meta":{"_price":"","_stock":"","_tribe_ticket_header":"","_tribe_default_ticket_provider":"","_tribe_ticket_capacity":"0","_ticket_start_date":"","_ticket_end_date":"","_tribe_ticket_show_description":"","_tribe_ticket_show_not_going":false,"_tribe_ticket_use_global_stock":"","_tribe_ticket_global_stock_level":"","_global_stock_mode":"","_global_stock_cap":"","_tribe_rsvp_for_event":"","_tribe_ticket_going_count":"","_tribe_ticket_not_going_count":"","_tribe_tickets_list":"[]","_tribe_ticket_has_attendee_info_fields":false,"footnotes":""},"categories":[89,80,1],"tags":[],"class_list":["post-9545","post","type-post","status-publish","format-standard","has-post-thumbnail","hentry","category-blog","category-toate-categoriile","category-uncategorized"],"_links":{"self":[{"href":"https:\/\/www.liceulprometeuprotalent.md\/index.php?rest_route=\/wp\/v2\/posts\/9545","targetHints":{"allow":["GET"]}}],"collection":[{"href":"https:\/\/www.liceulprometeuprotalent.md\/index.php?rest_route=\/wp\/v2\/posts"}],"about":[{"href":"https:\/\/www.liceulprometeuprotalent.md\/index.php?rest_route=\/wp\/v2\/types\/post"}],"author":[{"embeddable":true,"href":"https:\/\/www.liceulprometeuprotalent.md\/index.php?rest_route=\/wp\/v2\/users\/1"}],"replies":[{"embeddable":true,"href":"https:\/\/www.liceulprometeuprotalent.md\/index.php?rest_route=%2Fwp%2Fv2%2Fcomments&post=9545"}],"version-history":[{"count":1,"href":"https:\/\/www.liceulprometeuprotalent.md\/index.php?rest_route=\/wp\/v2\/posts\/9545\/revisions"}],"predecessor-version":[{"id":9548,"href":"https:\/\/www.liceulprometeuprotalent.md\/index.php?rest_route=\/wp\/v2\/posts\/9545\/revisions\/9548"}],"wp:featuredmedia":[{"embeddable":true,"href":"https:\/\/www.liceulprometeuprotalent.md\/index.php?rest_route=\/wp\/v2\/media\/9547"}],"wp:attachment":[{"href":"https:\/\/www.liceulprometeuprotalent.md\/index.php?rest_route=%2Fwp%2Fv2%2Fmedia&parent=9545"}],"wp:term":[{"taxonomy":"category","embeddable":true,"href":"https:\/\/www.liceulprometeuprotalent.md\/index.php?rest_route=%2Fwp%2Fv2%2Fcategories&post=9545"},{"taxonomy":"post_tag","embeddable":true,"href":"https:\/\/www.liceulprometeuprotalent.md\/index.php?rest_route=%2Fwp%2Fv2%2Ftags&post=9545"}],"curies":[{"name":"wp","href":"https:\/\/api.w.org\/{rel}","templated":true}]}}