{"id":9549,"date":"2026-04-27T13:07:08","date_gmt":"2026-04-27T13:07:08","guid":{"rendered":"https:\/\/www.liceulprometeuprotalent.md\/?p=9549"},"modified":"2026-04-27T13:07:08","modified_gmt":"2026-04-27T13:07:08","slug":"noaptea-scrisa-cu-rosu","status":"publish","type":"post","link":"https:\/\/www.liceulprometeuprotalent.md\/?p=9549","title":{"rendered":"\u201eNoaptea scris\u0103 cu ro\u0219u\u201d"},"content":{"rendered":"<p>Elevii claselor a VIII-a, a IX-a, a X-a \u0219i a XI-a de la Liceul de Creativitate \u0219i Inventic\u0103 \u201ePrometeu-Protalent\u201d nu vor uita ziua de 23 aprilie 2026, c\u00e2nd au vizionat spectacolul \u201eNoaptea scris\u0103 cu ro\u0219u\u201d la Teatrul f\u0103r\u0103 nume din Chi\u0219in\u0103u, o pies\u0103 care i-a f\u0103cut s\u0103 recupereze pagini necunoscute din istoria noastr\u0103 recent\u0103 \u0219i s-o tr\u0103iasc\u0103 pe viu.<\/p>\n<p><strong>\u201eNOAPTEA SCRIS\u0102 CU\u00a0RO\u0218U\u00a0<\/strong>este un spectacol de teatru documentar bazat pe interviuri, articole, memorii \u0219i materiale de arhiv\u0103. \u00cen noaptea de 30 septembrie spre 1 octombrie 1970, Chi\u0219in\u0103ul se treze\u0219te cu lozinci antisovietice scrise pe zidurile celor mai importante cl\u0103diri din centrul capitalei, chiar \u00een \u201einima puterii\u201d. Cine le-a scris? C\u00e2\u021bi au fost? Un batalion sau batalioane \u00eentregi? Scrierea acestor \u00eensemne \u00eendr\u0103zne\u021be a fost declan\u0219at\u0103 de cele dou\u0103 concerte sus\u021binute la Chi\u0219in\u0103u, la Teatrul Verde, de c\u0103tre forma\u021bia rom\u00e2neasc\u0103 MONDIAL, o forma\u021bie pop-rock care c\u00e2nta piese pe versurile poe\u021bilor Mihai Eminescu, Ion Minulescu, George Top\u00e2rceanu \u0219i ale altor poe\u021bi rom\u00e2ni. La concert au ap\u0103rut primele pancarte scrise \u00een grafie latin\u0103: \u201eTr\u0103iasc\u0103 Mondial, Tr\u0103iasc\u0103 Rom\u00e2nia. Patrie. Unire\u201d. Mili\u021bia nu reu\u0219ea s\u0103 lini\u0219teasc\u0103 mul\u021bimea, o mul\u021bime contaminat\u0103 de MONDIAL. Euforia limbii rom\u00e2ne, pe atunci at\u00e2t de \u00eenstr\u0103inat\u0103 la Chi\u0219in\u0103u, dar \u0219i \u00een toat\u0103 RSS Moldoveneasc\u0103, a sf\u00e2\u0219iat inimile miilor de spectatori prezen\u021bi la concert. Acea noapte de 1 octombrie 1970 a fost un semn de g\u00e2ndire liber\u0103 \u00eentr-o epoc\u0103 \u00een care oamenii se temeau de propriile g\u00e2nduri&#8230;\u201d, se spune \u00een descrierea spectacolului pe site-ul Teatrului f\u0103r\u0103 nume: \u00a0<a href=\"https:\/\/www.tfn.md\/noaptea-scrisa-cu-rosu\">https:\/\/www.tfn.md\/noaptea-scrisa-cu-rosu<\/a><\/p>\n<p>&nbsp;<\/p>\n<p>\u201eA fost o experien\u021b\u0103 cu totul deosebit\u0103. O lec\u021bie de istorie special\u0103. Un spectacol pe care-l recomand\u0103m tuturor elevilor de gimnaziu \u0219i liceu\u201d, a spus dna Zinaida V\u00eerlan, directoare a LCI \u201ePrometeu-Protalent\u201d, care, \u00eempreun\u0103 cu dirigin\u021bii de clase, i-a \u00eenso\u021bit pe elevi la spectacol.<\/p>\n<p>Mul\u021bumim trupei de actori \u0219i tuturor celor care au f\u0103cut posibil\u0103 vizionarea acestui valoros spectacol.<\/p>\n<p>&nbsp;<\/p>\n","protected":false},"excerpt":{"rendered":"<p>Elevii claselor a VIII-a, a IX-a, a X-a \u0219i a XI-a de la Liceul de Creativitate \u0219i Inventic\u0103 \u201ePrometeu-Protalent\u201d nu vor uita ziua de 23 aprilie 2026, c\u00e2nd au vizionat spectacolul \u201eNoaptea scris\u0103 cu ro\u0219u\u201d la Teatrul f\u0103r\u0103 nume din Chi\u0219in\u0103u, o pies\u0103 care i-a f\u0103cut s\u0103 recupereze pagini necunoscute din istoria noastr\u0103 recent\u0103 \u0219i [&hellip;]<\/p>\n","protected":false},"author":1,"featured_media":9550,"comment_status":"open","ping_status":"open","sticky":false,"template":"","format":"standard","meta":{"_price":"","_stock":"","_tribe_ticket_header":"","_tribe_default_ticket_provider":"","_tribe_ticket_capacity":"0","_ticket_start_date":"","_ticket_end_date":"","_tribe_ticket_show_description":"","_tribe_ticket_show_not_going":false,"_tribe_ticket_use_global_stock":"","_tribe_ticket_global_stock_level":"","_global_stock_mode":"","_global_stock_cap":"","_tribe_rsvp_for_event":"","_tribe_ticket_going_count":"","_tribe_ticket_not_going_count":"","_tribe_tickets_list":"[]","_tribe_ticket_has_attendee_info_fields":false,"footnotes":""},"categories":[89,80,1],"tags":[],"class_list":["post-9549","post","type-post","status-publish","format-standard","has-post-thumbnail","hentry","category-blog","category-toate-categoriile","category-uncategorized"],"_links":{"self":[{"href":"https:\/\/www.liceulprometeuprotalent.md\/index.php?rest_route=\/wp\/v2\/posts\/9549","targetHints":{"allow":["GET"]}}],"collection":[{"href":"https:\/\/www.liceulprometeuprotalent.md\/index.php?rest_route=\/wp\/v2\/posts"}],"about":[{"href":"https:\/\/www.liceulprometeuprotalent.md\/index.php?rest_route=\/wp\/v2\/types\/post"}],"author":[{"embeddable":true,"href":"https:\/\/www.liceulprometeuprotalent.md\/index.php?rest_route=\/wp\/v2\/users\/1"}],"replies":[{"embeddable":true,"href":"https:\/\/www.liceulprometeuprotalent.md\/index.php?rest_route=%2Fwp%2Fv2%2Fcomments&post=9549"}],"version-history":[{"count":1,"href":"https:\/\/www.liceulprometeuprotalent.md\/index.php?rest_route=\/wp\/v2\/posts\/9549\/revisions"}],"predecessor-version":[{"id":9551,"href":"https:\/\/www.liceulprometeuprotalent.md\/index.php?rest_route=\/wp\/v2\/posts\/9549\/revisions\/9551"}],"wp:featuredmedia":[{"embeddable":true,"href":"https:\/\/www.liceulprometeuprotalent.md\/index.php?rest_route=\/wp\/v2\/media\/9550"}],"wp:attachment":[{"href":"https:\/\/www.liceulprometeuprotalent.md\/index.php?rest_route=%2Fwp%2Fv2%2Fmedia&parent=9549"}],"wp:term":[{"taxonomy":"category","embeddable":true,"href":"https:\/\/www.liceulprometeuprotalent.md\/index.php?rest_route=%2Fwp%2Fv2%2Fcategories&post=9549"},{"taxonomy":"post_tag","embeddable":true,"href":"https:\/\/www.liceulprometeuprotalent.md\/index.php?rest_route=%2Fwp%2Fv2%2Ftags&post=9549"}],"curies":[{"name":"wp","href":"https:\/\/api.w.org\/{rel}","templated":true}]}}