{"id":9552,"date":"2026-04-28T12:40:31","date_gmt":"2026-04-28T12:40:31","guid":{"rendered":"https:\/\/www.liceulprometeuprotalent.md\/?p=9552"},"modified":"2026-04-28T12:40:31","modified_gmt":"2026-04-28T12:40:31","slug":"diplome-de-merit-de-gradul-i-la-concursul-de-matematica-academician-mitrofan-ciobanu","status":"publish","type":"post","link":"https:\/\/www.liceulprometeuprotalent.md\/?p=9552","title":{"rendered":"Diplome de merit de gradul I la Concursul de Matematic\u0103 \u201eAcademician Mitrofan Ciobanu\u201d"},"content":{"rendered":"<p class=\"s3\"><span class=\"s2\"><span class=\"bumpedFont15\">\u0218tefan Vizir \u0219i David <\/span><\/span><span class=\"s2\"><span class=\"bumpedFont15\">Gher\u021bescu<\/span><\/span><span class=\"s2\"><span class=\"bumpedFont15\">, elevi ai clasei<\/span><\/span><span class=\"s2\"><span class=\"bumpedFont15\"> a VII-a \u201eB\u201d a Liceului de Creativitate \u0219i Inventic\u0103 \u201ePrometeu-<\/span><\/span><span class=\"s2\"><span class=\"bumpedFont15\">Protalent<\/span><\/span><span class=\"s2\"><span class=\"bumpedFont15\">\u201d, sunt de\u021bin\u0103torii <\/span><\/span><span class=\"s4\"><span class=\"bumpedFont15\">Diplomei de merit de gradul I <\/span><\/span><span class=\"s2\"><span class=\"bumpedFont15\">la Concursul de Matematic\u0103 \u201eAcademician Mitrofan Ciobanu\u201d, care a avut loc pe data de 25 aprilie 2026.<\/span><\/span><\/p>\n<p class=\"s3\"><span class=\"s2\"><span class=\"bumpedFont15\">Premian\u021bii sunt discipolii doamnei Maria <\/span><\/span><span class=\"s2\"><span class=\"bumpedFont15\">Iarmenco<\/span><\/span><span class=\"s2\"><span class=\"bumpedFont15\">, profesoar\u0103 de matematic\u0103, grad didactic superior, care i-a \u00eendrumat<\/span><\/span><span class=\"s2\"><span class=\"bumpedFont15\">, inspirat<\/span><\/span><span class=\"s2\"><span class=\"bumpedFont15\"> \u0219i \u00eencurajat <\/span><\/span><span class=\"s2\"><span class=\"bumpedFont15\">s\u0103 fac\u0103 <\/span><\/span><span class=\"s2\"><span class=\"bumpedFont15\">performan\u021b<\/span><\/span><span class=\"s2\"><span class=\"bumpedFont15\">\u0103<\/span><\/span><span class=\"s2\"><span class=\"bumpedFont15\"> \u00een domeniul \u0219tiin\u021belor reale<\/span><\/span><span class=\"s2\"><span class=\"bumpedFont15\">.<\/span><\/span><\/p>\n<p class=\"s3\"><span class=\"s2\"><span class=\"bumpedFont15\">Bravo<\/span><\/span><span class=\"s2\"><span class=\"bumpedFont15\">, dragii no\u0219tri, \u0218tefan \u0219i David! Un concurs se c\u00e2\u0219tig\u0103 dup\u0103 foarte mult efort,<\/span><\/span><span class=\"s2\"><span class=\"bumpedFont15\"> responsabilitate<\/span><\/span><span class=\"s2\"><span class=\"bumpedFont15\"> \u0219i perseveren\u021b\u0103, iar voi dovedi\u021bi la fiecare competi\u021bie c\u0103 dispune\u021bi de aceste <\/span><\/span><span class=\"s2\"><span class=\"bumpedFont15\">minunate <\/span><\/span><span class=\"s2\"><span class=\"bumpedFont15\">calit\u0103\u021bi<\/span><\/span><span class=\"s2\"><span class=\"bumpedFont15\">, care <\/span><\/span><span class=\"s2\"><span class=\"bumpedFont15\">asigur\u0103 succesul.<\/span><\/span><\/p>\n<p class=\"s3\"><span class=\"s2\"><span class=\"bumpedFont15\">Adres\u0103m <\/span><\/span><span class=\"s2\"><span class=\"bumpedFont15\">calde <\/span><\/span><span class=\"s2\"><span class=\"bumpedFont15\">mul\u021bumiri \u0219i <\/span><\/span><span class=\"s2\"><span class=\"bumpedFont15\">deosebite aprecieri<\/span><\/span><span class=\"s2\"><span class=\"bumpedFont15\"> doamnei <\/span><\/span><span class=\"s2\"><span class=\"bumpedFont15\">Maria <\/span><\/span><span class=\"s2\"><span class=\"bumpedFont15\">Iarmenco<\/span><\/span><span class=\"s2\"><span class=\"bumpedFont15\">, profesoar\u0103 de matematic\u0103, grad didactic superior.<img decoding=\"async\" class=\"alignnone size-full wp-image-9553\" src=\"https:\/\/www.liceulprometeuprotalent.md\/wp-content\/uploads\/2026\/04\/IMG_9856.jpeg\" alt=\"\" width=\"521\" height=\"748\" srcset=\"https:\/\/www.liceulprometeuprotalent.md\/wp-content\/uploads\/2026\/04\/IMG_9856-200x287.jpeg 200w, https:\/\/www.liceulprometeuprotalent.md\/wp-content\/uploads\/2026\/04\/IMG_9856-209x300.jpeg 209w, https:\/\/www.liceulprometeuprotalent.md\/wp-content\/uploads\/2026\/04\/IMG_9856-400x574.jpeg 400w, https:\/\/www.liceulprometeuprotalent.md\/wp-content\/uploads\/2026\/04\/IMG_9856.jpeg 521w\" sizes=\"(max-width: 521px) 100vw, 521px\" \/> <img decoding=\"async\" class=\"alignnone size-full wp-image-9554\" src=\"https:\/\/www.liceulprometeuprotalent.md\/wp-content\/uploads\/2026\/04\/IMG_9855.jpeg\" alt=\"\" width=\"739\" height=\"1167\" srcset=\"https:\/\/www.liceulprometeuprotalent.md\/wp-content\/uploads\/2026\/04\/IMG_9855-190x300.jpeg 190w, https:\/\/www.liceulprometeuprotalent.md\/wp-content\/uploads\/2026\/04\/IMG_9855-200x316.jpeg 200w, https:\/\/www.liceulprometeuprotalent.md\/wp-content\/uploads\/2026\/04\/IMG_9855-400x632.jpeg 400w, https:\/\/www.liceulprometeuprotalent.md\/wp-content\/uploads\/2026\/04\/IMG_9855-600x947.jpeg 600w, https:\/\/www.liceulprometeuprotalent.md\/wp-content\/uploads\/2026\/04\/IMG_9855-648x1024.jpeg 648w, https:\/\/www.liceulprometeuprotalent.md\/wp-content\/uploads\/2026\/04\/IMG_9855.jpeg 739w\" sizes=\"(max-width: 739px) 100vw, 739px\" \/><\/span><\/span><\/p>\n","protected":false},"excerpt":{"rendered":"<p>\u0218tefan Vizir \u0219i David Gher\u021bescu, elevi ai clasei a VII-a \u201eB\u201d a Liceului de Creativitate \u0219i Inventic\u0103 \u201ePrometeu-Protalent\u201d, sunt de\u021bin\u0103torii Diplomei de merit de gradul I la Concursul de Matematic\u0103 \u201eAcademician Mitrofan Ciobanu\u201d, care a avut loc pe data de 25 aprilie 2026. Premian\u021bii sunt discipolii doamnei Maria Iarmenco, profesoar\u0103 de matematic\u0103, grad didactic superior, [&hellip;]<\/p>\n","protected":false},"author":1,"featured_media":9554,"comment_status":"open","ping_status":"open","sticky":false,"template":"","format":"standard","meta":{"_price":"","_stock":"","_tribe_ticket_header":"","_tribe_default_ticket_provider":"","_tribe_ticket_capacity":"0","_ticket_start_date":"","_ticket_end_date":"","_tribe_ticket_show_description":"","_tribe_ticket_show_not_going":false,"_tribe_ticket_use_global_stock":"","_tribe_ticket_global_stock_level":"","_global_stock_mode":"","_global_stock_cap":"","_tribe_rsvp_for_event":"","_tribe_ticket_going_count":"","_tribe_ticket_not_going_count":"","_tribe_tickets_list":"[]","_tribe_ticket_has_attendee_info_fields":false,"footnotes":""},"categories":[89,80,1],"tags":[],"class_list":["post-9552","post","type-post","status-publish","format-standard","has-post-thumbnail","hentry","category-blog","category-toate-categoriile","category-uncategorized"],"_links":{"self":[{"href":"https:\/\/www.liceulprometeuprotalent.md\/index.php?rest_route=\/wp\/v2\/posts\/9552","targetHints":{"allow":["GET"]}}],"collection":[{"href":"https:\/\/www.liceulprometeuprotalent.md\/index.php?rest_route=\/wp\/v2\/posts"}],"about":[{"href":"https:\/\/www.liceulprometeuprotalent.md\/index.php?rest_route=\/wp\/v2\/types\/post"}],"author":[{"embeddable":true,"href":"https:\/\/www.liceulprometeuprotalent.md\/index.php?rest_route=\/wp\/v2\/users\/1"}],"replies":[{"embeddable":true,"href":"https:\/\/www.liceulprometeuprotalent.md\/index.php?rest_route=%2Fwp%2Fv2%2Fcomments&post=9552"}],"version-history":[{"count":1,"href":"https:\/\/www.liceulprometeuprotalent.md\/index.php?rest_route=\/wp\/v2\/posts\/9552\/revisions"}],"predecessor-version":[{"id":9555,"href":"https:\/\/www.liceulprometeuprotalent.md\/index.php?rest_route=\/wp\/v2\/posts\/9552\/revisions\/9555"}],"wp:featuredmedia":[{"embeddable":true,"href":"https:\/\/www.liceulprometeuprotalent.md\/index.php?rest_route=\/wp\/v2\/media\/9554"}],"wp:attachment":[{"href":"https:\/\/www.liceulprometeuprotalent.md\/index.php?rest_route=%2Fwp%2Fv2%2Fmedia&parent=9552"}],"wp:term":[{"taxonomy":"category","embeddable":true,"href":"https:\/\/www.liceulprometeuprotalent.md\/index.php?rest_route=%2Fwp%2Fv2%2Fcategories&post=9552"},{"taxonomy":"post_tag","embeddable":true,"href":"https:\/\/www.liceulprometeuprotalent.md\/index.php?rest_route=%2Fwp%2Fv2%2Ftags&post=9552"}],"curies":[{"name":"wp","href":"https:\/\/api.w.org\/{rel}","templated":true}]}}