{"id":9556,"date":"2026-04-28T12:44:11","date_gmt":"2026-04-28T12:44:11","guid":{"rendered":"https:\/\/www.liceulprometeuprotalent.md\/?p=9556"},"modified":"2026-04-28T12:44:11","modified_gmt":"2026-04-28T12:44:11","slug":"elevii-nostri-printre-cei-mai-buni-la-concursul-de-fizica-mihai-marinciuc","status":"publish","type":"post","link":"https:\/\/www.liceulprometeuprotalent.md\/?p=9556","title":{"rendered":"Elevii no\u0219tri printre cei mai buni la concursul de fizic\u0103 \u201eMihai Marinciuc\u201d"},"content":{"rendered":"<p class=\"s3\"><span class=\"s2\"><span class=\"bumpedFont15\">La Concursul de Fizic\u0103 \u201eIn Memoriam Mihai <\/span><\/span><span class=\"s2\"><span class=\"bumpedFont15\">Marinciuc<\/span><\/span><span class=\"s2\"><span class=\"bumpedFont15\">&#8222;,<\/span><\/span><span class=\"s2\"><span class=\"bumpedFont15\">care a avut loc pe data de 25 aprilie 2026, <\/span><\/span><span class=\"s2\"><span class=\"bumpedFont15\">elevii<\/span><\/span> <span class=\"s2\"><span class=\"bumpedFont15\">Liceului de Creativitate \u0219i Inventic\u0103 \u201ePrometeu-<\/span><\/span><span class=\"s2\"><span class=\"bumpedFont15\">Protalent<\/span><\/span><span class=\"s2\"><span class=\"bumpedFont15\">\u201d<\/span><\/span><span class=\"s2\"><span class=\"bumpedFont15\"> \u2013<\/span><\/span> <span class=\"s2\"><span class=\"bumpedFont15\">Eliz<\/span><\/span><span class=\"s2\"><span class=\"bumpedFont15\">a <\/span><\/span><span class=\"s2\"><span class=\"bumpedFont15\">Mahu<\/span><\/span><span class=\"s2\"><span class=\"bumpedFont15\">din clasa a VII-a \u0219i Andrei <\/span><\/span><span class=\"s2\"><span class=\"bumpedFont15\">T\u00eeltu<\/span><\/span><span class=\"s2\"><span class=\"bumpedFont15\"> din clasa a VIII-a<\/span><\/span> <span class=\"s2\"><span class=\"bumpedFont15\">au ob\u021binut fiecare <\/span><\/span><span class=\"s2\"><span class=\"bumpedFont15\">la categoria lor de v\u00e2rst\u0103 <\/span><\/span><span class=\"s4\"><span class=\"bumpedFont15\">Locul III<\/span><\/span><span class=\"s2\"><span class=\"bumpedFont15\">, iar Ruxanda Palii din clasa a VI-a \u2013<\/span><\/span><span class=\"s4\"><span class=\"bumpedFont15\"> Men\u021biune<\/span><\/span><span class=\"s2\"><span class=\"bumpedFont15\">. Premian\u021bii no\u0219tri au concurat cu 400 de <\/span><\/span><span class=\"s2\"><span class=\"bumpedFont15\">elevi <\/span><\/span><span class=\"s2\"><span class=\"bumpedFont15\">pasiona\u021bi de fizic\u0103 din \u00eentre<\/span><\/span><span class=\"s2\"><span class=\"bumpedFont15\">a<\/span><\/span><span class=\"s2\"><span class=\"bumpedFont15\">ga republic\u0103<\/span><\/span><span class=\"s2\"><span class=\"bumpedFont15\">. <\/span><\/span><span class=\"s2\"><span class=\"bumpedFont15\">Ei <\/span><\/span><span class=\"s2\"><span class=\"bumpedFont15\">sunt discipolii domnilor <\/span><\/span><span class=\"s2\"><span class=\"bumpedFont15\">profesori de fizic\u0103 Oleg Ciobanu \u0219i Sergiu <\/span><\/span><span class=\"s2\"><span class=\"bumpedFont15\">\u0218argarovschi<\/span><\/span><span class=\"s2\"><span class=\"bumpedFont15\">, director adjunct<\/span><\/span><span class=\"s2\"><span class=\"bumpedFont15\">.<\/span><\/span><\/p>\n<p class=\"s3\"><span class=\"s2\"><span class=\"bumpedFont15\">Felicit\u0103ri dragi premian\u021bi! <\/span><\/span><\/p>\n<p class=\"s3\"><span class=\"s2\"><span class=\"bumpedFont15\">Felicit\u0103ri<\/span><\/span><span class=\"s2\"><span class=\"bumpedFont15\">,<\/span><\/span><span class=\"s2\"><span class=\"bumpedFont15\"> stima\u021bi profesori de fizic\u0103! <\/span><\/span><\/p>\n<p class=\"s3\"><span class=\"s2\"><span class=\"bumpedFont15\">Amintim c\u0103 <\/span><\/span><span class=\"s5\"><span class=\"bumpedFont15\">prima edi\u021bie a concursului a avut loc \u00een anul 2011. Ea a fost organizat\u0103 la ini\u021biativa unui grup de profesori de fizic\u0103 din municipiul Chi\u0219in\u0103u \u0219i realizat\u0103 de colegi \u0219i discipoli ai reputatului profesor Mihai <\/span><\/span><span class=\"s5\"><span class=\"bumpedFont15\">Marinciuc<\/span><\/span><span class=\"s5\"><span class=\"bumpedFont15\"> \u00eempreun\u0103 cu Asocia\u021bia Ob\u0219teasc\u0103 \u201eICAR\u201d. Mihai <\/span><\/span><span class=\"s5\"><span class=\"bumpedFont15\">Marinciuc<\/span><\/span><span class=\"s5\"><span class=\"bumpedFont15\"> a fost conferen\u021biar universitar la Catedra de Fizic\u0103 a Universit\u0103\u021b<\/span><\/span><span class=\"s5\"><span class=\"bumpedFont15\">ii Tehnice a Moldovei, <\/span><\/span><span class=\"s5\"><span class=\"bumpedFont15\">specialist notoriu \u00een domeniul fizicii, \u00eenalt apreciat at\u00e2t \u00een institu\u021biile de \u00eenv\u0103\u021b\u0103m\u00e2nt superior \u0219i preuniversitar din Republica Moldova, c\u00e2t \u0219i de peste hotare.<\/span><\/span><\/p>\n<p>&nbsp;<\/p>\n","protected":false},"excerpt":{"rendered":"<p>La Concursul de Fizic\u0103 \u201eIn Memoriam Mihai Marinciuc&#8222;,care a avut loc pe data de 25 aprilie 2026, elevii Liceului de Creativitate \u0219i Inventic\u0103 \u201ePrometeu-Protalent\u201d \u2013 Eliza Mahudin clasa a VII-a \u0219i Andrei T\u00eeltu din clasa a VIII-a au ob\u021binut fiecare la categoria lor de v\u00e2rst\u0103 Locul III, iar Ruxanda Palii din clasa a VI-a \u2013 [&hellip;]<\/p>\n","protected":false},"author":1,"featured_media":9557,"comment_status":"open","ping_status":"open","sticky":false,"template":"","format":"standard","meta":{"_price":"","_stock":"","_tribe_ticket_header":"","_tribe_default_ticket_provider":"","_tribe_ticket_capacity":"0","_ticket_start_date":"","_ticket_end_date":"","_tribe_ticket_show_description":"","_tribe_ticket_show_not_going":false,"_tribe_ticket_use_global_stock":"","_tribe_ticket_global_stock_level":"","_global_stock_mode":"","_global_stock_cap":"","_tribe_rsvp_for_event":"","_tribe_ticket_going_count":"","_tribe_ticket_not_going_count":"","_tribe_tickets_list":"[]","_tribe_ticket_has_attendee_info_fields":false,"footnotes":""},"categories":[89,80,1],"tags":[],"class_list":["post-9556","post","type-post","status-publish","format-standard","has-post-thumbnail","hentry","category-blog","category-toate-categoriile","category-uncategorized"],"_links":{"self":[{"href":"https:\/\/www.liceulprometeuprotalent.md\/index.php?rest_route=\/wp\/v2\/posts\/9556","targetHints":{"allow":["GET"]}}],"collection":[{"href":"https:\/\/www.liceulprometeuprotalent.md\/index.php?rest_route=\/wp\/v2\/posts"}],"about":[{"href":"https:\/\/www.liceulprometeuprotalent.md\/index.php?rest_route=\/wp\/v2\/types\/post"}],"author":[{"embeddable":true,"href":"https:\/\/www.liceulprometeuprotalent.md\/index.php?rest_route=\/wp\/v2\/users\/1"}],"replies":[{"embeddable":true,"href":"https:\/\/www.liceulprometeuprotalent.md\/index.php?rest_route=%2Fwp%2Fv2%2Fcomments&post=9556"}],"version-history":[{"count":1,"href":"https:\/\/www.liceulprometeuprotalent.md\/index.php?rest_route=\/wp\/v2\/posts\/9556\/revisions"}],"predecessor-version":[{"id":9558,"href":"https:\/\/www.liceulprometeuprotalent.md\/index.php?rest_route=\/wp\/v2\/posts\/9556\/revisions\/9558"}],"wp:featuredmedia":[{"embeddable":true,"href":"https:\/\/www.liceulprometeuprotalent.md\/index.php?rest_route=\/wp\/v2\/media\/9557"}],"wp:attachment":[{"href":"https:\/\/www.liceulprometeuprotalent.md\/index.php?rest_route=%2Fwp%2Fv2%2Fmedia&parent=9556"}],"wp:term":[{"taxonomy":"category","embeddable":true,"href":"https:\/\/www.liceulprometeuprotalent.md\/index.php?rest_route=%2Fwp%2Fv2%2Fcategories&post=9556"},{"taxonomy":"post_tag","embeddable":true,"href":"https:\/\/www.liceulprometeuprotalent.md\/index.php?rest_route=%2Fwp%2Fv2%2Ftags&post=9556"}],"curies":[{"name":"wp","href":"https:\/\/api.w.org\/{rel}","templated":true}]}}