{"id":9559,"date":"2026-04-28T12:46:33","date_gmt":"2026-04-28T12:46:33","guid":{"rendered":"https:\/\/www.liceulprometeuprotalent.md\/?p=9559"},"modified":"2026-04-28T12:54:03","modified_gmt":"2026-04-28T12:54:03","slug":"eveniment-literar-valoros-si-educational","status":"publish","type":"post","link":"https:\/\/www.liceulprometeuprotalent.md\/?p=9559","title":{"rendered":"Eveniment literar valoros \u0219i educa\u021bional"},"content":{"rendered":"<p class=\"s3\"><span class=\"s2\"><span class=\"bumpedFont15\">Pe data de 23 <\/span><\/span><span class=\"s2\"><span class=\"bumpedFont15\">aprilie<\/span><\/span><span class=\"s2\"><span class=\"bumpedFont15\"> 2026, la <\/span><\/span><span class=\"s2\"><span class=\"bumpedFont15\">Liceul<\/span><\/span><span class=\"s2\"><span class=\"bumpedFont15\"> de <\/span><\/span><span class=\"s2\"><span class=\"bumpedFont15\">Creativitate<\/span><\/span> <span class=\"s2\"><span class=\"bumpedFont15\">\u0219i<\/span><\/span> <span class=\"s2\"><span class=\"bumpedFont15\">Inventic\u0103<\/span><\/span><span class=\"s2\"><span class=\"bumpedFont15\">\u201e<\/span><\/span><span class=\"s2\"><span class=\"bumpedFont15\">Prometeu-Protalent<\/span><\/span><span class=\"s2\"><span class=\"bumpedFont15\">\u201d a <\/span><\/span><span class=\"s2\"><span class=\"bumpedFont15\">avut<\/span><\/span><span class=\"s2\"><span class=\"bumpedFont15\"> loc un <\/span><\/span><span class=\"s2\"><span class=\"bumpedFont15\">eveniment<\/span><\/span><span class=\"s2\"><span class=\"bumpedFont15\"> cultural <\/span><\/span><span class=\"s2\"><span class=\"bumpedFont15\">deosebit<\/span><\/span><span class=\"s2\"><span class=\"bumpedFont15\">: <\/span><\/span><span class=\"s2\"><span class=\"bumpedFont15\">lansarea<\/span><\/span> <span class=\"s2\"><span class=\"bumpedFont15\">volumului<\/span><\/span> <span class=\"s4\"><span class=\"bumpedFont15\">\u201e<\/span><\/span><span class=\"s4\"><span class=\"bumpedFont15\">Pohta<\/span><\/span> <span class=\"s4\"><span class=\"bumpedFont15\">ce<\/span><\/span><span class=\"s4\"><span class=\"bumpedFont15\">-am <\/span><\/span><span class=\"s4\"><span class=\"bumpedFont15\">pohtit<\/span><\/span><span class=\"s4\"><span class=\"bumpedFont15\">\u201d<\/span><\/span><span class=\"s2\"><span class=\"bumpedFont15\">, <\/span><\/span><span class=\"s2\"><span class=\"bumpedFont15\">semnat<\/span><\/span><span class=\"s2\"><span class=\"bumpedFont15\"> de <\/span><\/span><span class=\"s2\"><span class=\"bumpedFont15\">regretatul<\/span><\/span><span class=\"s2\"><span class=\"bumpedFont15\">scriitor<\/span><\/span> <span class=\"s2\"><span class=\"bumpedFont15\">ie\u0219ean<\/span><\/span> <span class=\"s2\"><span class=\"bumpedFont15\">Ion Muscalu, un <\/span><\/span><span class=\"s2\"><span class=\"bumpedFont15\">vechi<\/span><\/span> <span class=\"s2\"><span class=\"bumpedFont15\">\u0219i<\/span><\/span> <span class=\"s2\"><span class=\"bumpedFont15\">\u00eendr\u0103git<\/span><\/span> <span class=\"s2\"><span class=\"bumpedFont15\">prieten<\/span><\/span><span class=\"s2\"><span class=\"bumpedFont15\"> al <\/span><\/span><span class=\"s2\"><span class=\"bumpedFont15\">institu\u021biei<\/span><\/span> <span class=\"s2\"><span class=\"bumpedFont15\">noastre<\/span><\/span><span class=\"s2\"><span class=\"bumpedFont15\">. <\/span><\/span><\/p>\n<p class=\"s3\"><span class=\"s2\"><span class=\"bumpedFont15\">Manifestarea a \u00eenceput cu un minut de reculegere \u00een amintirea prozatorului Ion Muscalu, important\u0103 personalitate a culturii rom\u00e2ne\u0219ti, cel comparat, gra\u021bie tematicii istorice a c\u0103r\u021bilor pe care le-a scris, cu marele scriitor Mihail Sadoveanu, dup\u0103 care elevii au sus\u021binut adev\u0103rate prelegeri literare pe marginea romanului lansat, dar \u0219i a vie\u021bii \u0219i operei scriitorului.<\/span><\/span><\/p>\n<p class=\"s3\"><span class=\"s2\"><span class=\"bumpedFont15\">A dat start prelegerilor Jasmin Buga, eleva clasei a VIII-a, care a conturat personalitatea lui Ion Muscalu, dup\u0103 care Laura <\/span><\/span><span class=\"s2\"><span class=\"bumpedFont15\">Boclinc\u0103<\/span><\/span><span class=\"s2\"><span class=\"bumpedFont15\"> din clasa a IX-a \u0219i-a prezentat reflec\u021biile pe marginea romanului istoric \u201ePohta ce-am <\/span><\/span><span class=\"s2\"><span class=\"bumpedFont15\">pohtit<\/span><\/span><span class=\"s2\"><span class=\"bumpedFont15\">\u201d, iar elevii clasei a VIII-a Delia <\/span><\/span><span class=\"s2\"><span class=\"bumpedFont15\">Trofim<\/span><\/span><span class=\"s2\"><span class=\"bumpedFont15\">, Anastasia <\/span><\/span><span class=\"s2\"><span class=\"bumpedFont15\">\u0218aptefra\u021bi<\/span><\/span><span class=\"s2\"><span class=\"bumpedFont15\">, Petru <\/span><\/span><span class=\"s2\"><span class=\"bumpedFont15\">Bodarev<\/span><\/span><span class=\"s2\"><span class=\"bumpedFont15\"> \u0219i A<\/span><\/span><span class=\"s2\"><span class=\"bumpedFont15\">d<\/span><\/span><span class=\"s2\"><span class=\"bumpedFont15\">rian <\/span><\/span><span class=\"s2\"><span class=\"bumpedFont15\">Galeru<\/span><\/span><span class=\"s2\"><span class=\"bumpedFont15\"> \u0219i-au \u00eemp\u0103rt\u0103\u0219it impresiile de lectur\u0103, prin care au scos \u00een prim-plan figura domnitorului Mihai Viteazul, personaj istoric, simbol al demnit\u0103\u021bii \u0219i idealului de unitate na\u021bional\u0103. <\/span><\/span><\/p>\n<p class=\"s3\"><span class=\"s2\"><span class=\"bumpedFont15\">Ecoul viu al c\u0103r\u021bii \u201ePohta ce-am <\/span><\/span><span class=\"s2\"><span class=\"bumpedFont15\">pohtit<\/span><\/span><span class=\"s2\"><span class=\"bumpedFont15\">\u201d a fost adus \u00een fa\u021ba audien\u021bei de actorul Nicolae <\/span><\/span><span class=\"s2\"><span class=\"bumpedFont15\">Jelescu<\/span><\/span><span class=\"s2\"><span class=\"bumpedFont15\">, care prin lecturarea c\u00e2torva pagini a dezv\u0103luit at\u00e2t virtu\u021bile personajului c\u0103r\u021bii \u2013 Mihai Viteazul, c\u00e2t \u0219i pe ale autorului ei \u2013 Ion Muscalu.<\/span><\/span><\/p>\n<p class=\"s3\"><span class=\"s2\"><span class=\"bumpedFont15\">Un mesaj artistic al solidarit\u0103\u021bii \u0219i al dragostei de neam, menit s\u0103 ne reaminteasc\u0103 valoarea unit\u0103\u021bii \u0219i a identit\u0103\u021bii noastre comune, au oferit <\/span><\/span><span class=\"s2\"><span class=\"bumpedFont15\">evenimentului melodiile<\/span><\/span><span class=\"s2\"><span class=\"bumpedFont15\"> ,,\u021aara mea-i un col\u021b de rai\u201d \u0219i \u201e\u00cendemn la Unire\u201d, interpretate de ansamblul \u201ePrometeu\u201d, condus de domnul <\/span><\/span><span class=\"s2\"><span class=\"bumpedFont15\">Veaceslav<\/span><\/span><span class=\"s2\"><span class=\"bumpedFont15\"> Adam, profesor de educa\u021bie muzical\u0103. <\/span><\/span><\/p>\n<p class=\"s3\"><span class=\"s2\"><span class=\"bumpedFont15\">Manifestarea minunat\u0103 a elevilor a avut loc \u00een fa\u021ba invita\u021bilor speciali: scriitorii Aurelian Silvestru, Iulian Filip, Claudia <\/span><\/span><span class=\"s2\"><span class=\"bumpedFont15\">Partole<\/span><\/span><span class=\"s2\"><span class=\"bumpedFont15\">, directoarea de onoare a Bibliotecii Na\u021bionale pentru Copii \u201eIon Creang\u0103\u201d din Chi\u0219in\u0103u, Claudia Balaban, care prin lu\u0103rile de cuv\u00e2nt au \u00eentregit portretul scriitorului Ion Muscalu, pe care l-au cunoscut personal. <\/span><\/span><\/p>\n<p class=\"s3\"><span class=\"s2\"><span class=\"bumpedFont15\">Momentul culminant \u0219i emo\u021bionant al manifest\u0103rii au fost amintirile doamnei Cecilia Muscalu, so\u021bia regretatului scriitor, care a prezentat audien\u021bei ultimele trei c\u0103r\u021bi ale lui Ion Muscalu, l\u0103sate drept testament pentru urma\u0219i: \u201ePohta ce-am <\/span><\/span><span class=\"s2\"><span class=\"bumpedFont15\">pohtit<\/span><\/span><span class=\"s2\"><span class=\"bumpedFont15\">\u201d, \u201ePaznic de noapte\u201d \u0219i \u201ePe drumuri de bejenie\u201d, iar fiul scriitorului, sculptorul Liviu Muscalu, a \u00eendeplinit o mare dorin\u021b\u0103 a p\u0103rintelui s\u0103u: a d\u0103ruit Liceului \u201ePrometeu-<\/span><\/span><span class=\"s2\"><span class=\"bumpedFont15\">Protalent<\/span><\/span><span class=\"s2\"><span class=\"bumpedFont15\">\u201d bustul poetului na\u021bional Mihai Eminescu.<\/span><\/span><\/p>\n<p class=\"s3\"><span class=\"s2\"><span class=\"bumpedFont15\">Men\u021bion\u0103m c\u0103 lansarea c\u0103r\u021bii \u201ePohta ce-am <\/span><\/span><span class=\"s2\"><span class=\"bumpedFont15\">pohtit<\/span><\/span><span class=\"s2\"><span class=\"bumpedFont15\">\u201d de Ion Muscalu a f\u0103cut parte din programul Salonului Interna\u021bional de Carte pentru Copii \u0219i Tineret, edi\u021bia a XXVII-a, care a avut loc \u00een perioada 23-26 aprilie 2026, eveniment la care scriitorul Ion Muscalu participa cu c\u00e2te o nou\u0103 carte \u00een fiecare an. Anul acesta \u00eens\u0103, cu regret, au fost prezente doar c\u0103r\u021bile semnate de domnia sa.<\/span><\/span><\/p>\n<p class=\"s3\"><span class=\"s2\"><span class=\"bumpedFont15\">Mul\u021bumim elevilor, invita\u021bilor \u0219i \u00een mod special doamnei Angela Miron, profesoar\u0103 de limba \u0219i literatura rom\u00e2n\u0103, grad didactic superior, director adjunct pentru educa\u021bie, care<\/span><\/span><span class=\"s2\"><span class=\"bumpedFont15\"> a realizat \u00eempre<\/span><\/span><span class=\"s2\"><span class=\"bumpedFont15\">un\u0103 cu discipolii<\/span><\/span><span class=\"s2\"><span class=\"bumpedFont15\"> \u0219i colegii<\/span><\/span><span class=\"s2\"><span class=\"bumpedFont15\"> un valoros eveniment literar \u0219i educa\u021bional.<br \/>\n<\/span><\/span><\/p>\n<div id=\"attachment_9562\" style=\"width: 2570px\" class=\"wp-caption alignnone\"><img decoding=\"async\" aria-describedby=\"caption-attachment-9562\" class=\"size-full wp-image-9562\" src=\"https:\/\/www.liceulprometeuprotalent.md\/wp-content\/uploads\/2026\/04\/IMG_9860-scaled.jpeg\" alt=\"\" width=\"2560\" height=\"1928\" srcset=\"https:\/\/www.liceulprometeuprotalent.md\/wp-content\/uploads\/2026\/04\/IMG_9860-200x151.jpeg 200w, https:\/\/www.liceulprometeuprotalent.md\/wp-content\/uploads\/2026\/04\/IMG_9860-300x226.jpeg 300w, https:\/\/www.liceulprometeuprotalent.md\/wp-content\/uploads\/2026\/04\/IMG_9860-400x301.jpeg 400w, https:\/\/www.liceulprometeuprotalent.md\/wp-content\/uploads\/2026\/04\/IMG_9860-600x452.jpeg 600w, https:\/\/www.liceulprometeuprotalent.md\/wp-content\/uploads\/2026\/04\/IMG_9860-768x578.jpeg 768w, https:\/\/www.liceulprometeuprotalent.md\/wp-content\/uploads\/2026\/04\/IMG_9860-800x602.jpeg 800w, https:\/\/www.liceulprometeuprotalent.md\/wp-content\/uploads\/2026\/04\/IMG_9860-1024x771.jpeg 1024w, https:\/\/www.liceulprometeuprotalent.md\/wp-content\/uploads\/2026\/04\/IMG_9860-1200x904.jpeg 1200w, https:\/\/www.liceulprometeuprotalent.md\/wp-content\/uploads\/2026\/04\/IMG_9860-1536x1157.jpeg 1536w, https:\/\/www.liceulprometeuprotalent.md\/wp-content\/uploads\/2026\/04\/IMG_9860-scaled.jpeg 2560w\" sizes=\"(max-width: 2560px) 100vw, 2560px\" \/><p id=\"caption-attachment-9562\" class=\"wp-caption-text\">oplus_0<\/p><\/div>\n<div id=\"attachment_9564\" style=\"width: 2570px\" class=\"wp-caption alignnone\"><img decoding=\"async\" aria-describedby=\"caption-attachment-9564\" class=\"size-full wp-image-9564\" src=\"https:\/\/www.liceulprometeuprotalent.md\/wp-content\/uploads\/2026\/04\/IMG_9859-scaled.jpeg\" alt=\"\" width=\"2560\" height=\"1928\" srcset=\"https:\/\/www.liceulprometeuprotalent.md\/wp-content\/uploads\/2026\/04\/IMG_9859-200x151.jpeg 200w, https:\/\/www.liceulprometeuprotalent.md\/wp-content\/uploads\/2026\/04\/IMG_9859-300x226.jpeg 300w, https:\/\/www.liceulprometeuprotalent.md\/wp-content\/uploads\/2026\/04\/IMG_9859-400x301.jpeg 400w, https:\/\/www.liceulprometeuprotalent.md\/wp-content\/uploads\/2026\/04\/IMG_9859-600x452.jpeg 600w, https:\/\/www.liceulprometeuprotalent.md\/wp-content\/uploads\/2026\/04\/IMG_9859-768x578.jpeg 768w, https:\/\/www.liceulprometeuprotalent.md\/wp-content\/uploads\/2026\/04\/IMG_9859-800x602.jpeg 800w, https:\/\/www.liceulprometeuprotalent.md\/wp-content\/uploads\/2026\/04\/IMG_9859-1024x771.jpeg 1024w, https:\/\/www.liceulprometeuprotalent.md\/wp-content\/uploads\/2026\/04\/IMG_9859-1200x904.jpeg 1200w, https:\/\/www.liceulprometeuprotalent.md\/wp-content\/uploads\/2026\/04\/IMG_9859-1536x1157.jpeg 1536w, https:\/\/www.liceulprometeuprotalent.md\/wp-content\/uploads\/2026\/04\/IMG_9859-scaled.jpeg 2560w\" sizes=\"(max-width: 2560px) 100vw, 2560px\" \/><p id=\"caption-attachment-9564\" class=\"wp-caption-text\">oplus_0<\/p><\/div>\n<div id=\"attachment_9565\" style=\"width: 2570px\" class=\"wp-caption alignnone\"><img decoding=\"async\" aria-describedby=\"caption-attachment-9565\" class=\"size-full wp-image-9565\" src=\"https:\/\/www.liceulprometeuprotalent.md\/wp-content\/uploads\/2026\/04\/IMG_9858-scaled.jpeg\" alt=\"\" width=\"2560\" height=\"1928\" srcset=\"https:\/\/www.liceulprometeuprotalent.md\/wp-content\/uploads\/2026\/04\/IMG_9858-200x151.jpeg 200w, https:\/\/www.liceulprometeuprotalent.md\/wp-content\/uploads\/2026\/04\/IMG_9858-300x226.jpeg 300w, https:\/\/www.liceulprometeuprotalent.md\/wp-content\/uploads\/2026\/04\/IMG_9858-400x301.jpeg 400w, https:\/\/www.liceulprometeuprotalent.md\/wp-content\/uploads\/2026\/04\/IMG_9858-600x452.jpeg 600w, https:\/\/www.liceulprometeuprotalent.md\/wp-content\/uploads\/2026\/04\/IMG_9858-768x578.jpeg 768w, https:\/\/www.liceulprometeuprotalent.md\/wp-content\/uploads\/2026\/04\/IMG_9858-800x602.jpeg 800w, https:\/\/www.liceulprometeuprotalent.md\/wp-content\/uploads\/2026\/04\/IMG_9858-1024x771.jpeg 1024w, https:\/\/www.liceulprometeuprotalent.md\/wp-content\/uploads\/2026\/04\/IMG_9858-1200x904.jpeg 1200w, https:\/\/www.liceulprometeuprotalent.md\/wp-content\/uploads\/2026\/04\/IMG_9858-1536x1157.jpeg 1536w, https:\/\/www.liceulprometeuprotalent.md\/wp-content\/uploads\/2026\/04\/IMG_9858-scaled.jpeg 2560w\" sizes=\"(max-width: 2560px) 100vw, 2560px\" \/><p id=\"caption-attachment-9565\" class=\"wp-caption-text\">oplus_0<\/p><\/div>\n<p class=\"s3\"><span class=\"s2\">\u00a0<\/span><\/p>\n","protected":false},"excerpt":{"rendered":"<p>Pe data de 23 aprilie 2026, la Liceul de Creativitate \u0219i Inventic\u0103\u201ePrometeu-Protalent\u201d a avut loc un eveniment cultural deosebit: lansarea volumului \u201ePohta ce-am pohtit\u201d, semnat de regretatulscriitor ie\u0219ean Ion Muscalu, un vechi \u0219i \u00eendr\u0103git prieten al institu\u021biei noastre. Manifestarea a \u00eenceput cu un minut de reculegere \u00een amintirea prozatorului Ion Muscalu, important\u0103 personalitate a culturii [&hellip;]<\/p>\n","protected":false},"author":1,"featured_media":9565,"comment_status":"open","ping_status":"open","sticky":false,"template":"","format":"standard","meta":{"_price":"","_stock":"","_tribe_ticket_header":"","_tribe_default_ticket_provider":"","_tribe_ticket_capacity":"0","_ticket_start_date":"","_ticket_end_date":"","_tribe_ticket_show_description":"","_tribe_ticket_show_not_going":false,"_tribe_ticket_use_global_stock":"","_tribe_ticket_global_stock_level":"","_global_stock_mode":"","_global_stock_cap":"","_tribe_rsvp_for_event":"","_tribe_ticket_going_count":"","_tribe_ticket_not_going_count":"","_tribe_tickets_list":"[]","_tribe_ticket_has_attendee_info_fields":false,"footnotes":""},"categories":[89,80,1],"tags":[],"class_list":["post-9559","post","type-post","status-publish","format-standard","has-post-thumbnail","hentry","category-blog","category-toate-categoriile","category-uncategorized"],"_links":{"self":[{"href":"https:\/\/www.liceulprometeuprotalent.md\/index.php?rest_route=\/wp\/v2\/posts\/9559","targetHints":{"allow":["GET"]}}],"collection":[{"href":"https:\/\/www.liceulprometeuprotalent.md\/index.php?rest_route=\/wp\/v2\/posts"}],"about":[{"href":"https:\/\/www.liceulprometeuprotalent.md\/index.php?rest_route=\/wp\/v2\/types\/post"}],"author":[{"embeddable":true,"href":"https:\/\/www.liceulprometeuprotalent.md\/index.php?rest_route=\/wp\/v2\/users\/1"}],"replies":[{"embeddable":true,"href":"https:\/\/www.liceulprometeuprotalent.md\/index.php?rest_route=%2Fwp%2Fv2%2Fcomments&post=9559"}],"version-history":[{"count":3,"href":"https:\/\/www.liceulprometeuprotalent.md\/index.php?rest_route=\/wp\/v2\/posts\/9559\/revisions"}],"predecessor-version":[{"id":9566,"href":"https:\/\/www.liceulprometeuprotalent.md\/index.php?rest_route=\/wp\/v2\/posts\/9559\/revisions\/9566"}],"wp:featuredmedia":[{"embeddable":true,"href":"https:\/\/www.liceulprometeuprotalent.md\/index.php?rest_route=\/wp\/v2\/media\/9565"}],"wp:attachment":[{"href":"https:\/\/www.liceulprometeuprotalent.md\/index.php?rest_route=%2Fwp%2Fv2%2Fmedia&parent=9559"}],"wp:term":[{"taxonomy":"category","embeddable":true,"href":"https:\/\/www.liceulprometeuprotalent.md\/index.php?rest_route=%2Fwp%2Fv2%2Fcategories&post=9559"},{"taxonomy":"post_tag","embeddable":true,"href":"https:\/\/www.liceulprometeuprotalent.md\/index.php?rest_route=%2Fwp%2Fv2%2Ftags&post=9559"}],"curies":[{"name":"wp","href":"https:\/\/api.w.org\/{rel}","templated":true}]}}