{"id":9855,"date":"2026-09-03T12:46:07","date_gmt":"2026-09-03T12:46:07","guid":{"rendered":"https:\/\/www.liceulprometeuprotalent.md\/?p=9855"},"modified":"2026-09-03T12:46:07","modified_gmt":"2026-09-03T12:46:07","slug":"1-septembrie-2026-dubla-sarbatoare-la-liceul-prometeu-protalent","status":"publish","type":"post","link":"https:\/\/www.liceulprometeuprotalent.md\/?p=9855","title":{"rendered":"1 septembrie 2026 \u2013 dubl\u0103 s\u0103rb\u0103toare la Liceul \u201ePrometeu-Protalent\u201d"},"content":{"rendered":"<p>Ziua de 1 septembrie 2026 a avut o dubl\u0103 semnifica\u021bie pentru Liceul de Creativitate \u0219i Inventic\u0103 \u201ePrometeu-Protalent\u201d: \u00eenceputul unui nou an \u0219colar \u0219i celebrarea a 35 de ani de la fondarea institu\u021biei.<\/p>\n<p>\u201eAcum 35 de ani, Republica Moldova \u00ee\u0219i proclama independen\u021ba, aleg\u00e2nd s\u0103-\u0219i afirme cu demnitate propriul destin. \u00cen acele \u00eemprejur\u0103ri a luat na\u0219tere \u0219i Liceul \u201ePrometeu\u201d. Despre asta ne-au vorbit \u00een debutul ceremoniei prezentatorii Vitalia Butucel din clasa a X-a \u0219i Mark Antonio Portas din clasa a XII-a.<\/p>\n<p>Dup\u0103 intonarea solemn\u0103 a Imnului Republicii Moldova \u0219i a imnului Liceului \u201ePrometeu\u201d de c\u0103tre Ansamblul \u201ePrometeu\u201d, prezentatorii au oferit cuv\u00e2nt domnului Aurelian Silvestru, director-fondator al institu\u021biei, care a m\u0103rturisit \u00een fa\u021ba publicului: \u201eDac\u0103 dore\u0219ti s\u0103 \u00eenf\u0103ptuie\u0219ti ceva important \u00een via\u021b\u0103, trebuie s\u0103 ai neap\u0103rat parte de dou\u0103 miracole: pe de o parte \u2012 de sprijinul Bunul Dumnezeu, iar pe de alta \u2012 de sprijinul unei echipe de oameni care simt \u0219i g\u00e2ndesc la fel ca tine.<\/p>\n<p>Cu 35 de ani \u00een urm\u0103, ca s\u0103 construie\u0219ti un nou viitor, se cerea reformarea \u0219colii na\u021bionale. Liceul \u201ePrometeu\u201d a fost un ecou al acestei necesit\u0103\u021bi. Convingerea noastr\u0103 ferm\u0103 a fost \u0219i a r\u0103mas c\u0103 fiecare copil este un talent \u00een devenire, iar datoria cadrelor didactice este s\u0103 f\u0103ureasc\u0103 din el o personalitate demn\u0103 de respect. Dovada reu\u0219itei este \u0219i faptul c\u0103 la s\u0103rb\u0103toarea noastr\u0103 particip\u0103 domnul Dan Perciun, ministru al Educa\u021biei \u0219i Cercet\u0103rii, fost elev al liceului nostru\u201d.<\/p>\n<p>Invitat \u00een scen\u0103, domnul ministru Dan Perciun a remarcat calitatea studiilor de care a beneficiat la Liceul \u201ePrometeu\u201d, eviden\u021biind \u00eenainte de toate spiritul vizionar al domnului director-fondator. Domnia sa a mai men\u021bionat: \u201eAu trecut 14 ani de c\u00e2nd m-am desp\u0103r\u021bit de Liceu, dar emo\u021biile sunt la fel de puternice. M\u0103 \u00eenclin cu recuno\u0219tin\u021b\u0103 \u00een fa\u021ba profesorilor \u0219i a tuturor celor care au investit \u00een genera\u021bia mea \u0219i care continu\u0103 s\u0103 investeasc\u0103 \u00een genera\u021biile care vin. Oameni care, zi de zi, educ\u0103, inspir\u0103 \u0219i formeaz\u0103 adev\u0103ra\u021bi cet\u0103\u021beni liberi, care \u00ee\u0219i iubesc \u021bara \u0219i care sunt gata s-o slujeasc\u0103 permanent\u201d.<\/p>\n<p>Discursuri motivante au sus\u021binut prietenii \u0219i sus\u021bin\u0103torii fideli ai Liceului \u201ePrometeu-Protalent\u201d: poetul ie\u0219ean Daniel Corbu, care timp de 35 de ani construie\u0219te poduri de c\u0103r\u021bi \u00eentre malurile Prutului; poetul Vasile Romanciuc, al c\u0103rui fiu a f\u0103cut parte din prima promo\u021bie de absolven\u021bi; poetul Iulian Filip, care \u0219i-a reiterat \u00een fa\u021ba publicului crezul dintotdeauna al domniei sale: \u201eCine duce-n m\u00e2ini o carte,\/ E un om \u0219i jum\u0103tate\u201d; domnul Sergiu Popa, originar din partea st\u00e2ng\u0103 a Nistrului, semnatar al Declara\u021biei de Independen\u021b\u0103 a Republicii Moldova. Mesajele oaspe\u021bilor au completat atmosfera aniversar\u0103 \u0219i au reamintit c\u0103 adev\u0103rata \u0219coal\u0103 nu \u00eenseamn\u0103 doar acumulare de cuno\u0219tin\u021be, ci \u0219i descoperirea frumosului, cultivarea sensibilit\u0103\u021bii \u0219i \u00eencurajarea talentului, a\u0219a cum spune \u00eentr-un aforism scriitorul Aurelian Silvestru: \u201e\u0218coala nu trebuie s\u0103 produc\u0103 oameni mari, ci oameni buni\u201d.<\/p>\n<p>\u00cen cadrul ceremoniei au fost prezenta\u021bi protagoni\u0219tii s\u0103rb\u0103torii \u2013 elevii claselor I, care \u00een cei patru ani de la treapta primar\u0103 vor fi \u00eendruma\u021bi de doamnele \u00eenv\u0103\u021b\u0103toare: Natalia Palaiciuc, care ne asigur\u0103 c\u0103 \u201eun dasc\u0103l este aidoma unei busole care activeaz\u0103 magne\u021bii cunoa\u0219terii \u0219i \u00een\u021belepciunii \u00een elevii s\u0103i\u201d; Aurelia Dodi\u021b\u0103, care \u201enu recunoa\u0219te un alt semn al superiorit\u0103\u021bii dec\u00e2t bun\u0103tatea\u201d; Snejana Gogolev-Pahomea, care e convins\u0103 c\u0103 \u201efiecare copil este o lumin\u0103, iar misiunea\u00a0 \u00eenv\u0103\u021b\u0103toarei e s\u0103 o ajute s\u0103 str\u0103luceasc\u0103\u201d; Doina Drumea, care afirm\u0103 c\u0103 \u201edoar cu r\u0103bdare, pasiune \u0219i mult\u0103 d\u0103ruire po\u021bi transforma \u00eenv\u0103\u021barea \u00eentr-o aventur\u0103 frumoas\u0103, \u00een care curiozitatea, \u00eencrederea \u0219i bucuria de a descoperi sunt mereu prezente\u201d.<\/p>\n<p>Un inspirat \u0219i sobru cuv\u00e2nt de certificare a perseveren\u021bei, calit\u0103\u021bii \u0219i performan\u021bei elevilor de la Liceul \u201ePrometeu-Protalent\u201d a sus\u021binut doamna director Zinaida V\u00eerlan, care a adus la cuno\u0219tin\u021ba auditoriului cifre concrete privind succesele elevilor prometei\u0219ti la diferite competi\u021bii na\u021bionale \u0219i interna\u021bionale.<\/p>\n<p>Scenariul s\u0103rb\u0103torii a cuprins un divers program artistic, prin care s-a dat culoare, energie \u0219i prospe\u021bime ceremoniei: cercul dramatic, condus de doamna Diana Decusear\u0103-Onic\u0103, Artist\u0103 a Poporului, a prezentat sceneta \u201eMitul Prometeu\u201d; elevii claselor I au recitat poezii, iar Teodora Scarlat din clasa I-a \u201eC\u201d a interpretat c\u00e2ntecul ,,Sun\u0103 clopo\u021belul\u201d; M\u0103d\u0103lina Tei\u0219an din clasa a III-a \u201eC\u201d \u0219i Savelii Fortuna din clasa a IV-a \u201eA\u201d au c\u00e2ntat piesa ,,Moldova mea!\u201d; Cristian Slutu \u0219i Bogdan Pop\u0219oi din clasa I-a ,,B\u201d au oferit melodia ,,Prometeu-Protalent\u201d; Gabriel Rodideal din clasa a XI-a \u201eB\u201d \u0219i ansamblul \u201ePrometeu\u201d au \u00eenc\u00e2ntat publicul cu bine-cunoscuta pies\u0103 \u201eC\u00e2t tr\u0103im pe acest p\u0103m\u00e2nt\u201d; ansamblul \u201ePrometeu\u201d a propus spre audi\u021bie melodia \u201ePlaneta limbii\u201d; Melisa Ia\u021bco din clasa XI-a \u201eB\u201d, Matei Cernat din clasa a XI-a \u201eB\u201d, Sofia Ivanova din clasa a VIII-a \u201eC\u201d \u0219i partenerul ei au dansat cu elegan\u021b\u0103 \u0219i gra\u021bie celebrul vals \u201eGinga\u0219a \u0219i tandra mea fiar\u0103\u201d.<\/p>\n<p>Spectacolul s-a \u00eencheiat cu primul sunet al clopo\u021belului, care i-a chemat pe elevi \u00een clase, dar nu \u00eenainte ca p\u0103rintele Ioan Cosoi s\u0103 rosteasc\u0103 \u201dRug\u0103ciunea \u0219colarului\u201d.<\/p>\n<p>Dincolo de emo\u021bia fireasc\u0103 a \u00eenceputului de nou an \u0219colar, comunitatea liceului a celebrat un moment de bilan\u021b \u0219i de rememorare a drumului parcurs. De la ideea care a stat la baza fond\u0103rii liceului p\u00e2n\u0103 la genera\u021biile de elevi care au trecut prin b\u0103ncile lui, \u201ePrometeu-Protalent\u201d \u0219i-a construit o identitate distinct\u0103 \u00een peisajul educa\u021bional. 35 de ani \u00eenseamn\u0103 mii de pove\u0219ti: genera\u021bii de elevi, profesori dedica\u021bi, p\u0103rin\u021bi, absolven\u021bi \u0219i oameni care au contribuit la dezvoltarea unei institu\u021bii cu o voca\u021bie aparte. \u00censeamn\u0103 \u0219i o memorie colectiv\u0103 care se transmite de la cei care au pus temelia c\u0103tre cei care vor duce mai departe aceast\u0103 construc\u021bie. S\u0103rb\u0103toarea de 1 septembrie 2026 a demonstrat c\u0103 povestea nu se \u00eencheie aici. Ea continu\u0103 prin noua genera\u021bie de elevi care a intrat pentru prima dat\u0103 \u00een clase, iar genera\u021biile mai mari au dovedit c\u0103 valorile liceului continu\u0103 s\u0103 fie vii.<\/p>\n<p>Felicit\u0103ri cordiale adres\u0103m elevilor care au urcat pe scena, d\u00e2nd farmec aparte s\u0103rb\u0103torii de 1 septembrie, doamnei Cristina Brunchi, \u00eenv\u0103\u021b\u0103toare, grad didactic superior, director adjunct pentru educa\u021bie, treapta primar\u0103 \u0219i tuturor cadrelor didactice implicate \u00een organizarea acestei minunate ceremonii de \u00eenceput de an \u0219colar.<\/p>\n<p>La mul\u021bi ani, \u201ePrometeu-Protalent\u201d! La mul\u021bi ani profesorilor, elevilor, absolven\u021bilor \u0219i tuturor celor care au f\u0103cut \u0219i fac parte din aceast\u0103 poveste! Noul an \u0219colar s\u0103 fie unul al ideilor \u00eendr\u0103zne\u021be, al creativit\u0103\u021bii \u0219i al reu\u0219itelor!<\/p>\n<p><img decoding=\"async\" class=\"alignnone wp-image-9859 size-fusion-400\" src=\"https:\/\/www.liceulprometeuprotalent.md\/wp-content\/uploads\/2026\/09\/poza-1-400x600.jpeg\" alt=\"\" width=\"400\" height=\"600\" srcset=\"https:\/\/www.liceulprometeuprotalent.md\/wp-content\/uploads\/2026\/09\/poza-1-200x300.jpeg 200w, https:\/\/www.liceulprometeuprotalent.md\/wp-content\/uploads\/2026\/09\/poza-1-400x600.jpeg 400w, https:\/\/www.liceulprometeuprotalent.md\/wp-content\/uploads\/2026\/09\/poza-1-600x900.jpeg 600w, https:\/\/www.liceulprometeuprotalent.md\/wp-content\/uploads\/2026\/09\/poza-1-683x1024.jpeg 683w, https:\/\/www.liceulprometeuprotalent.md\/wp-content\/uploads\/2026\/09\/poza-1-768x1152.jpeg 768w, https:\/\/www.liceulprometeuprotalent.md\/wp-content\/uploads\/2026\/09\/poza-1-800x1200.jpeg 800w, https:\/\/www.liceulprometeuprotalent.md\/wp-content\/uploads\/2026\/09\/poza-1-1024x1536.jpeg 1024w, https:\/\/www.liceulprometeuprotalent.md\/wp-content\/uploads\/2026\/09\/poza-1-1200x1800.jpeg 1200w, https:\/\/www.liceulprometeuprotalent.md\/wp-content\/uploads\/2026\/09\/poza-1-1365x2048.jpeg 1365w, https:\/\/www.liceulprometeuprotalent.md\/wp-content\/uploads\/2026\/09\/poza-1-scaled.jpeg 1707w\" sizes=\"(max-width: 400px) 100vw, 400px\" \/><img decoding=\"async\" class=\"alignnone  wp-image-9860\" src=\"https:\/\/www.liceulprometeuprotalent.md\/wp-content\/uploads\/2026\/09\/poza-2.jpg\" alt=\"\" width=\"897\" height=\"597\" srcset=\"https:\/\/www.liceulprometeuprotalent.md\/wp-content\/uploads\/2026\/09\/poza-2-200x133.jpg 200w, https:\/\/www.liceulprometeuprotalent.md\/wp-content\/uploads\/2026\/09\/poza-2-300x200.jpg 300w, https:\/\/www.liceulprometeuprotalent.md\/wp-content\/uploads\/2026\/09\/poza-2-400x266.jpg 400w, https:\/\/www.liceulprometeuprotalent.md\/wp-content\/uploads\/2026\/09\/poza-2-600x399.jpg 600w, https:\/\/www.liceulprometeuprotalent.md\/wp-content\/uploads\/2026\/09\/poza-2-768x511.jpg 768w, https:\/\/www.liceulprometeuprotalent.md\/wp-content\/uploads\/2026\/09\/poza-2-800x532.jpg 800w, https:\/\/www.liceulprometeuprotalent.md\/wp-content\/uploads\/2026\/09\/poza-2-1024x682.jpg 1024w, https:\/\/www.liceulprometeuprotalent.md\/wp-content\/uploads\/2026\/09\/poza-2-1200x799.jpg 1200w, https:\/\/www.liceulprometeuprotalent.md\/wp-content\/uploads\/2026\/09\/poza-2-1536x1022.jpg 1536w, https:\/\/www.liceulprometeuprotalent.md\/wp-content\/uploads\/2026\/09\/poza-2.jpg 2048w\" sizes=\"(max-width: 897px) 100vw, 897px\" \/><\/p>\n<p><img decoding=\"async\" class=\"alignnone wp-image-9858 size-fusion-400\" src=\"https:\/\/www.liceulprometeuprotalent.md\/wp-content\/uploads\/2026\/09\/poza-3-400x266.jpg\" alt=\"\" width=\"400\" height=\"266\" srcset=\"https:\/\/www.liceulprometeuprotalent.md\/wp-content\/uploads\/2026\/09\/poza-3-200x133.jpg 200w, https:\/\/www.liceulprometeuprotalent.md\/wp-content\/uploads\/2026\/09\/poza-3-300x200.jpg 300w, https:\/\/www.liceulprometeuprotalent.md\/wp-content\/uploads\/2026\/09\/poza-3-400x266.jpg 400w, https:\/\/www.liceulprometeuprotalent.md\/wp-content\/uploads\/2026\/09\/poza-3-600x399.jpg 600w, https:\/\/www.liceulprometeuprotalent.md\/wp-content\/uploads\/2026\/09\/poza-3-768x511.jpg 768w, https:\/\/www.liceulprometeuprotalent.md\/wp-content\/uploads\/2026\/09\/poza-3-800x532.jpg 800w, https:\/\/www.liceulprometeuprotalent.md\/wp-content\/uploads\/2026\/09\/poza-3-1024x681.jpg 1024w, https:\/\/www.liceulprometeuprotalent.md\/wp-content\/uploads\/2026\/09\/poza-3-1200x798.jpg 1200w, https:\/\/www.liceulprometeuprotalent.md\/wp-content\/uploads\/2026\/09\/poza-3-1536x1022.jpg 1536w\" sizes=\"(max-width: 400px) 100vw, 400px\" \/>\u00a0 \u00a0m<img decoding=\"async\" class=\"alignnone wp-image-9857 size-fusion-400\" src=\"https:\/\/www.liceulprometeuprotalent.md\/wp-content\/uploads\/2026\/09\/poza-4-400x266.jpg\" alt=\"\" width=\"400\" height=\"266\" srcset=\"https:\/\/www.liceulprometeuprotalent.md\/wp-content\/uploads\/2026\/09\/poza-4-200x133.jpg 200w, https:\/\/www.liceulprometeuprotalent.md\/wp-content\/uploads\/2026\/09\/poza-4-300x200.jpg 300w, https:\/\/www.liceulprometeuprotalent.md\/wp-content\/uploads\/2026\/09\/poza-4-400x266.jpg 400w, https:\/\/www.liceulprometeuprotalent.md\/wp-content\/uploads\/2026\/09\/poza-4-600x399.jpg 600w, https:\/\/www.liceulprometeuprotalent.md\/wp-content\/uploads\/2026\/09\/poza-4-768x511.jpg 768w, https:\/\/www.liceulprometeuprotalent.md\/wp-content\/uploads\/2026\/09\/poza-4-800x532.jpg 800w, https:\/\/www.liceulprometeuprotalent.md\/wp-content\/uploads\/2026\/09\/poza-4-1024x682.jpg 1024w, https:\/\/www.liceulprometeuprotalent.md\/wp-content\/uploads\/2026\/09\/poza-4-1200x799.jpg 1200w, https:\/\/www.liceulprometeuprotalent.md\/wp-content\/uploads\/2026\/09\/poza-4-1536x1022.jpg 1536w\" sizes=\"(max-width: 400px) 100vw, 400px\" \/>\u00a0 \u00a0<img decoding=\"async\" class=\"alignnone wp-image-9856 size-fusion-400\" src=\"https:\/\/www.liceulprometeuprotalent.md\/wp-content\/uploads\/2026\/09\/poza-5-400x266.jpg\" alt=\"\" width=\"400\" height=\"266\" srcset=\"https:\/\/www.liceulprometeuprotalent.md\/wp-content\/uploads\/2026\/09\/poza-5-200x133.jpg 200w, https:\/\/www.liceulprometeuprotalent.md\/wp-content\/uploads\/2026\/09\/poza-5-300x200.jpg 300w, https:\/\/www.liceulprometeuprotalent.md\/wp-content\/uploads\/2026\/09\/poza-5-400x266.jpg 400w, https:\/\/www.liceulprometeuprotalent.md\/wp-content\/uploads\/2026\/09\/poza-5-600x399.jpg 600w, https:\/\/www.liceulprometeuprotalent.md\/wp-content\/uploads\/2026\/09\/poza-5-768x511.jpg 768w, https:\/\/www.liceulprometeuprotalent.md\/wp-content\/uploads\/2026\/09\/poza-5-800x532.jpg 800w, https:\/\/www.liceulprometeuprotalent.md\/wp-content\/uploads\/2026\/09\/poza-5-1024x681.jpg 1024w, https:\/\/www.liceulprometeuprotalent.md\/wp-content\/uploads\/2026\/09\/poza-5-1200x798.jpg 1200w, https:\/\/www.liceulprometeuprotalent.md\/wp-content\/uploads\/2026\/09\/poza-5-1536x1022.jpg 1536w\" sizes=\"(max-width: 400px) 100vw, 400px\" \/><\/p>\n","protected":false},"excerpt":{"rendered":"<p>Ziua de 1 septembrie 2026 a avut o dubl\u0103 semnifica\u021bie pentru Liceul de Creativitate \u0219i Inventic\u0103 \u201ePrometeu-Protalent\u201d: \u00eenceputul unui nou an \u0219colar \u0219i celebrarea a 35 de ani de la fondarea institu\u021biei. \u201eAcum 35 de ani, Republica Moldova \u00ee\u0219i proclama independen\u021ba, aleg\u00e2nd s\u0103-\u0219i afirme cu demnitate propriul destin. \u00cen acele \u00eemprejur\u0103ri a luat na\u0219tere \u0219i [&hellip;]<\/p>\n","protected":false},"author":1,"featured_media":9858,"comment_status":"open","ping_status":"open","sticky":false,"template":"","format":"standard","meta":{"_price":"","_stock":"","_tribe_ticket_header":"","_tribe_default_ticket_provider":"","_tribe_ticket_capacity":"0","_ticket_start_date":"","_ticket_end_date":"","_tribe_ticket_show_description":"","_tribe_ticket_show_not_going":false,"_tribe_ticket_use_global_stock":"","_tribe_ticket_global_stock_level":"","_global_stock_mode":"","_global_stock_cap":"","_tribe_rsvp_for_event":"","_tribe_ticket_going_count":"","_tribe_ticket_not_going_count":"","_tribe_tickets_list":"[]","_tribe_ticket_has_attendee_info_fields":false,"footnotes":""},"categories":[89,88],"tags":[],"class_list":["post-9855","post","type-post","status-publish","format-standard","has-post-thumbnail","hentry","category-blog","category-festivitati"],"_links":{"self":[{"href":"https:\/\/www.liceulprometeuprotalent.md\/index.php?rest_route=\/wp\/v2\/posts\/9855","targetHints":{"allow":["GET"]}}],"collection":[{"href":"https:\/\/www.liceulprometeuprotalent.md\/index.php?rest_route=\/wp\/v2\/posts"}],"about":[{"href":"https:\/\/www.liceulprometeuprotalent.md\/index.php?rest_route=\/wp\/v2\/types\/post"}],"author":[{"embeddable":true,"href":"https:\/\/www.liceulprometeuprotalent.md\/index.php?rest_route=\/wp\/v2\/users\/1"}],"replies":[{"embeddable":true,"href":"https:\/\/www.liceulprometeuprotalent.md\/index.php?rest_route=%2Fwp%2Fv2%2Fcomments&post=9855"}],"version-history":[{"count":1,"href":"https:\/\/www.liceulprometeuprotalent.md\/index.php?rest_route=\/wp\/v2\/posts\/9855\/revisions"}],"predecessor-version":[{"id":9861,"href":"https:\/\/www.liceulprometeuprotalent.md\/index.php?rest_route=\/wp\/v2\/posts\/9855\/revisions\/9861"}],"wp:featuredmedia":[{"embeddable":true,"href":"https:\/\/www.liceulprometeuprotalent.md\/index.php?rest_route=\/wp\/v2\/media\/9858"}],"wp:attachment":[{"href":"https:\/\/www.liceulprometeuprotalent.md\/index.php?rest_route=%2Fwp%2Fv2%2Fmedia&parent=9855"}],"wp:term":[{"taxonomy":"category","embeddable":true,"href":"https:\/\/www.liceulprometeuprotalent.md\/index.php?rest_route=%2Fwp%2Fv2%2Fcategories&post=9855"},{"taxonomy":"post_tag","embeddable":true,"href":"https:\/\/www.liceulprometeuprotalent.md\/index.php?rest_route=%2Fwp%2Fv2%2Ftags&post=9855"}],"curies":[{"name":"wp","href":"https:\/\/api.w.org\/{rel}","templated":true}]}}